{"id":16770,"date":"2025-05-21T09:33:10","date_gmt":"2025-05-21T15:33:10","guid":{"rendered":"https:\/\/fge.oaxaca.gob.mx\/?post_type=noticias&amp;p=9049"},"modified":"2025-05-21T09:33:10","modified_gmt":"2025-05-21T15:33:10","slug":"boletin-1469-fiscalia-de-oaxaca-obtiene-vinculacion-a-proceso-y-prision-contra-p-a-t-v-alias-el-tonche-objetivo-prioritario-por-ser-segunda-linea-de-mando-en-la-banda-del","status":"publish","type":"noticias","link":"https:\/\/portal.fgeo.gob.mx\/index.php\/archivos\/noticias\/boletin-1469-fiscalia-de-oaxaca-obtiene-vinculacion-a-proceso-y-prision-contra-p-a-t-v-alias-el-tonche-objetivo-prioritario-por-ser-segunda-linea-de-mando-en-la-banda-del","title":{"rendered":"BOLET\u00cdN 1,469.- Fiscal\u00eda de Oaxaca obtiene vinculaci\u00f3n a proceso y prisi\u00f3n contra P.A.T.V., alias \u201cEl Tonche\u201d, objetivo prioritario por ser segunda l\u00ednea de mando en la banda del \u201cComandante Cromo\u201d en el Istmo de Tehuantepec"},"content":{"rendered":"<p>&nbsp;<\/p>\n<p>* La captura se logr\u00f3 por los trabajos de inteligencia y despliegue t\u00e1ctico que se realiza en la regi\u00f3n a trav\u00e9s de la \u201cOperaci\u00f3n Sable\u201d en la que participa la FGEO, AEI, SEMAR, DEFENSA, Guardia Nacional y SSPC<\/p>\n<p><strong>Oaxaca de Ju\u00e1rez a 21 de mayo de 2025.- <\/strong>Como parte de los trabajos de investigaci\u00f3n ministerial para el combate de los delitos de alto impacto con la aplicaci\u00f3n de la \u201cOperaci\u00f3n Sable\u201d, la Fiscal\u00eda General del Estado de Oaxaca (FGEO) obtuvo auto de vinculaci\u00f3n a proceso en contra de una persona del sexo masculino identificada como P.A.T.V., alias \u201cEl Tonche\u201d, por el delito de Secuestro, quien adem\u00e1s es considerado como objetivo prioritario pues ser\u00eda uno de los principales generadores de violencia en la regi\u00f3n del Istmo de Tehuantepec.<\/p>\n<p>Conforme a la causa penal, los hechos que se imputan ocurrieron el 20 de octubre de 2024, en Juchit\u00e1n de Zaragoza, donde un grupo de personas que portaban armas de fuego privaron de la libertad a las v\u00edctimas, as\u00ed como a personas migrantes, oblig\u00e1ndolas a establecer contacto con sus familiares pidi\u00e9ndoles diversos pagos para liberarlos.<\/p>\n<p>Luego de tener conocimiento del caso, la FGEO inici\u00f3 los trabajos de inteligencia criminal a trav\u00e9s de la \u201cOperaci\u00f3n Sable\u201d, que se despliega en el Istmo en la que participa la Fiscal\u00eda a trav\u00e9s de la Agencia Estatal de Investigaciones (AEI), junto con la Secretar\u00eda de Marina (SEMAR), Secretar\u00eda de la Defensa Nacional (DEFENSA), Guardia Nacional y la Secretar\u00eda de Seguridad y Protecci\u00f3n Ciudadana (SSPC).<\/p>\n<p>Los resultados de estas labores de investigaci\u00f3n permitieron la obtenci\u00f3n de pruebas suficientes las cuales se presentaron ante un Juez que, luego de evaluarlas, concedi\u00f3 la orden de aprehensi\u00f3n en contra de P.A.T.V., alias \u201cEl Tonche\u201d, por lo que se despleg\u00f3 a un operativo estrat\u00e9gico que se ejecut\u00f3 a trav\u00e9s de la \u201cOperaci\u00f3n Sable\u201d con lo cual fue posible localizarlo y detenerlo al dar cumplimiento al mandato judicial.<\/p>\n<p>Luego que la FGEO solicit\u00f3 la vinculaci\u00f3n a proceso, el Juez que atiende la causa dict\u00f3 auto de vinculaci\u00f3n a proceso contra P.A.T.V., alias \u201cEl Tonche\u201d, por el delito de Secuestro, e impuso la medida cautelar de prisi\u00f3n preventiva otorgando dos meses para el cierre de la investigaci\u00f3n complementaria.<\/p>\n<p>Derivado de las investigaciones realizadas mediante un estudio de an\u00e1lisis y contexto sobre las actividades de P.A.T.V., alias \u201cEl Tonche\u201d, la Fiscal\u00eda de Oaxaca estableci\u00f3 que el imputado es considerado como un objetivo prioritario en el Istmo de Tehuantepec, pues estar\u00eda vinculado con diversos delitos de alto impacto, adem\u00e1s que ser\u00eda parte de la segunda l\u00ednea de mando dentro de la estructura criminal de la banda del \u201cComandante Cromo\u201d, que opera en el Istmo, c\u00e9lula delictiva de la que se ha logrado -en el \u00faltimo a\u00f1o- la detenci\u00f3n de cinco de los l\u00edderes operativos, entre ellos: A.M.L., alias \u201cEl Wer\u00edn\u201d (Detenido el 24\/04\/2024); R.M.S., alias \u201cBalatas\u201d (Detenido el 31\/07\/20249; M.A.T.M.,\u00a0 alias \u201cHenry\u201d, que era chofer y escolta personal de \u201cComandante Cromo\u201d (Detenido el 03\/11\/2024); y J.F.C.O., probable Sicario de esta organizaci\u00f3n (detenido 31\/03\/2025).<\/p>\n<p>La Fiscal\u00eda General del Estado de Oaxaca realiza investigaciones exhaustivas para dar con quien o quienes resulten responsables en la comisi\u00f3n de delitos que laceran el tejido social, present\u00e1ndolos ante la justicia y aplicando todo el rigor de la Ley.<\/p>\n<p><img fetchpriority=\"high\" decoding=\"async\" class=\"alignnone size-medium wp-image-9050\" src=\"https:\/\/portal.fgeo.gob.mx\/wp-content\/uploads\/2025\/05\/WhatsApp-Image-2025-05-20-at-11.05.09-AM-249x300.jpeg\" alt=\"\" width=\"249\" height=\"300\" \/><img decoding=\"async\" class=\"alignnone size-medium wp-image-9051\" src=\"https:\/\/portal.fgeo.gob.mx\/wp-content\/uploads\/2025\/05\/WhatsApp-Image-2025-05-21-at-9.12.43-AM-300x181.jpeg\" alt=\"\" width=\"300\" height=\"181\" \/><\/p>\n","protected":false},"author":2,"featured_media":9029,"comment_status":"closed","ping_status":"closed","template":"","tags":[],"categoria_noticias":[],"class_list":["post-16770","noticias","type-noticias","status-publish","has-post-thumbnail","hentry"],"acf":[],"mb":[],"mfb_rest_fields":["title","gutenberg_elementor_mode"],"_links":{"self":[{"href":"https:\/\/portal.fgeo.gob.mx\/index.php\/wp-json\/wp\/v2\/noticias\/16770","targetHints":{"allow":["GET"]}}],"collection":[{"href":"https:\/\/portal.fgeo.gob.mx\/index.php\/wp-json\/wp\/v2\/noticias"}],"about":[{"href":"https:\/\/portal.fgeo.gob.mx\/index.php\/wp-json\/wp\/v2\/types\/noticias"}],"author":[{"embeddable":true,"href":"https:\/\/portal.fgeo.gob.mx\/index.php\/wp-json\/wp\/v2\/users\/2"}],"replies":[{"embeddable":true,"href":"https:\/\/portal.fgeo.gob.mx\/index.php\/wp-json\/wp\/v2\/comments?post=16770"}],"wp:featuredmedia":[{"embeddable":true,"href":"https:\/\/portal.fgeo.gob.mx\/index.php\/wp-json\/"}],"wp:attachment":[{"href":"https:\/\/portal.fgeo.gob.mx\/index.php\/wp-json\/wp\/v2\/media?parent=16770"}],"wp:term":[{"taxonomy":"post_tag","embeddable":true,"href":"https:\/\/portal.fgeo.gob.mx\/index.php\/wp-json\/wp\/v2\/tags?post=16770"},{"taxonomy":"categoria_noticias","embeddable":true,"href":"https:\/\/portal.fgeo.gob.mx\/index.php\/wp-json\/wp\/v2\/categoria_noticias?post=16770"}],"curies":[{"name":"wp","href":"https:\/\/api.w.org\/{rel}","templated":true}]}}