{"id":16766,"date":"2025-05-19T17:30:24","date_gmt":"2025-05-19T23:30:24","guid":{"rendered":"https:\/\/fge.oaxaca.gob.mx\/?post_type=noticias&amp;p=9030"},"modified":"2025-05-19T17:30:24","modified_gmt":"2025-05-19T23:30:24","slug":"boletin-1-464-ejecuta-fgeo-orden-de-aprehension-por-homicidio-con-arma-de-fuego-cometido-en-la-region-del-istmo-de-tehuantepec","status":"publish","type":"noticias","link":"https:\/\/portal.fgeo.gob.mx\/index.php\/archivos\/noticias\/boletin-1-464-ejecuta-fgeo-orden-de-aprehension-por-homicidio-con-arma-de-fuego-cometido-en-la-region-del-istmo-de-tehuantepec","title":{"rendered":"BOLET\u00cdN 1, 464.- Ejecuta FGEO orden de aprehensi\u00f3n por homicidio con arma de fuego, cometido en la regi\u00f3n del Istmo de Tehuantepec"},"content":{"rendered":"<p><strong>Oaxaca de Ju\u00e1rez a 19 de mayo de 2025.- <\/strong>La Fiscal\u00eda General del Estado de Oaxaca (FGEO) ejecut\u00f3 una orden de aprehensi\u00f3n en contra de una persona del sexo masculino identificada como J.G.M.B., por el delito de homicidio calificado ocurrido en la regi\u00f3n del Istmo de Tehuantepec.<\/p>\n<p>Conforme a lo establecido en el expediente penal, los hechos ocurrieron el 05 de septiembre de 2024, cuando la v\u00edctima, un hombre identificado como J.M.L.M., se encontraba a bordo de una motocicleta discutiendo con un grupo de personas sobre el perif\u00e9rico a la altura de la colonia V\u00edctor Yodo de la Octava Secci\u00f3n de la ciudad de Juchit\u00e1n de Zaragoza, lugar donde fue atacado con disparos de arma de fuego, perdiendo la vida de manera instant\u00e1nea.<\/p>\n<p>Derivado de diversos actos de investigaci\u00f3n que realiz\u00f3 la Fiscal\u00eda de Oaxaca, a trav\u00e9s de Vicefiscal\u00eda Regional del Istmo se pudo obtener una orden de aprehensi\u00f3n en contra de J.G.M.B., por el delito de homicidio calificado, mandato judicial que fue ejecutado por Agentes Estatales de Investigaci\u00f3n (AEI), que detuvo al imputado que qued\u00f3 a disposici\u00f3n de la autoridad ministerial correspondiente.<\/p>\n<p>La Fiscal\u00eda de Oaxaca est\u00e1 comprometida con realizar investigaciones exhaustivas que permitan brindar procesos de procuraci\u00f3n de justicia adecuados que den certeza a las v\u00edctimas directas e indirectas para que ning\u00fan caso quede en la impunidad.<\/p>\n<p><img fetchpriority=\"high\" decoding=\"async\" class=\"alignnone size-medium wp-image-9031\" src=\"https:\/\/portal.fgeo.gob.mx\/wp-content\/uploads\/2025\/05\/WhatsApp-Image-2025-05-19-at-1.50.01-PM-300x235.jpeg\" alt=\"\" width=\"300\" height=\"235\" \/><\/p>\n","protected":false},"author":2,"featured_media":9029,"comment_status":"closed","ping_status":"closed","template":"","tags":[],"categoria_noticias":[],"class_list":["post-16766","noticias","type-noticias","status-publish","has-post-thumbnail","hentry"],"acf":[],"mb":[],"mfb_rest_fields":["title","gutenberg_elementor_mode"],"_links":{"self":[{"href":"https:\/\/portal.fgeo.gob.mx\/index.php\/wp-json\/wp\/v2\/noticias\/16766","targetHints":{"allow":["GET"]}}],"collection":[{"href":"https:\/\/portal.fgeo.gob.mx\/index.php\/wp-json\/wp\/v2\/noticias"}],"about":[{"href":"https:\/\/portal.fgeo.gob.mx\/index.php\/wp-json\/wp\/v2\/types\/noticias"}],"author":[{"embeddable":true,"href":"https:\/\/portal.fgeo.gob.mx\/index.php\/wp-json\/wp\/v2\/users\/2"}],"replies":[{"embeddable":true,"href":"https:\/\/portal.fgeo.gob.mx\/index.php\/wp-json\/wp\/v2\/comments?post=16766"}],"wp:featuredmedia":[{"embeddable":true,"href":"https:\/\/portal.fgeo.gob.mx\/index.php\/wp-json\/"}],"wp:attachment":[{"href":"https:\/\/portal.fgeo.gob.mx\/index.php\/wp-json\/wp\/v2\/media?parent=16766"}],"wp:term":[{"taxonomy":"post_tag","embeddable":true,"href":"https:\/\/portal.fgeo.gob.mx\/index.php\/wp-json\/wp\/v2\/tags?post=16766"},{"taxonomy":"categoria_noticias","embeddable":true,"href":"https:\/\/portal.fgeo.gob.mx\/index.php\/wp-json\/wp\/v2\/categoria_noticias?post=16766"}],"curies":[{"name":"wp","href":"https:\/\/api.w.org\/{rel}","templated":true}]}}