{"id":16764,"date":"2025-05-19T13:32:16","date_gmt":"2025-05-19T19:32:16","guid":{"rendered":"https:\/\/fge.oaxaca.gob.mx\/?post_type=noticias&amp;p=9021"},"modified":"2025-05-19T13:32:16","modified_gmt":"2025-05-19T19:32:16","slug":"boletin-1462-primera-etapa-de-la-operacion-pescador-base-para-atencion-integral-a-las-causas-estructurales-como-estrategia-de-combate-a-fenomeno-delictivo-en-la-central-de-abasto","status":"publish","type":"noticias","link":"https:\/\/portal.fgeo.gob.mx\/index.php\/archivos\/noticias\/boletin-1462-primera-etapa-de-la-operacion-pescador-base-para-atencion-integral-a-las-causas-estructurales-como-estrategia-de-combate-a-fenomeno-delictivo-en-la-central-de-abasto","title":{"rendered":"BOLET\u00cdN 1,462.- Primera etapa de la \u201cOperaci\u00f3n Pescador\u201d, base para atenci\u00f3n integral a las causas estructurales como estrategia de combate a fen\u00f3meno delictivo en la Central de Abasto: Bernardo Rodr\u00edguez Alamilla"},"content":{"rendered":"<p>* Esta zona es el principal centro de comercio del sureste del pa\u00eds, donde a diario se registra una derrama econ\u00f3mica que ronda los 35 millones de pesos<\/p>\n<p><strong>Oaxaca de Ju\u00e1rez a 19 de mayo de 2025.- \u00a0<\/strong>La aplicaci\u00f3n de la primera etapa de la \u201cOperaci\u00f3n Pescador\u201d, logr\u00f3 la articulaci\u00f3n interinstitucional para dise\u00f1ar una atenci\u00f3n integral a las causas estructurales como estrategia de combate al fen\u00f3meno delictivo en la Central de Abasto, acci\u00f3n prioritaria debido que es el centro de comercio m\u00e1s importante de la entidad, zona en la que se busca reducir la incidencia delictiva, se\u00f1al\u00f3 el Fiscal de Oaxaca, Bernardo Rodr\u00edguez Alamilla, durante su intervenci\u00f3n en la Conferencia de Prensa de Seguridad, encabezada por el gobernador de Oaxaca, Salom\u00f3n Jara Cruz.<\/p>\n<p>La \u201cOperaci\u00f3n Pescador\u201d tiene el objetivo de reconstruir el tejido social de manera conjunta con las dependencias de los tres niveles de gobierno, y as\u00ed inhibir la incidencia delictiva en la zona, por lo que, en la siguiente etapa de continuidad a las acciones directas se van a integrar dependencias para abordar de manera integral las problem\u00e1ticas sociales de este punto de la capital de Oaxaca, explic\u00f3 Rodr\u00edguez Alamilla.<\/p>\n<p>El titular de la Fiscal\u00eda General del Estado de Oaxaca, detall\u00f3 que este operativo es resultado de un trabajo coordinado de la FGEO, con la Agencia Estatal de Investigaciones (AEI), Secretar\u00eda de la Defensa Nacional (DEFENSA), Guardia Nacional (GN), Polic\u00eda Estatal, Polic\u00eda Vial Estatal, Polic\u00eda Auxiliar Bancaria, Industrial y Comercial (PABIC), Polic\u00eda Municipal y Vial de Oaxaca de Ju\u00e1rez y el Centro de Control, Comando y Comunicaci\u00f3n (C4).<\/p>\n<p>\u201cEsta es una primera etapa, y busca reconstruir el tejido social a trav\u00e9s de diversas intervenciones, como lo fue esta primera etapa, y para ello, se requieren de diversas acciones en este plan integral para hacer de la Central de Abastos un lugar seguro para toda la poblaci\u00f3n pues, es un lugar significativo de intercambio comercial en nuestro estado y en gran parte de la zona sureste de nuestro pa\u00eds\u201d, ahond\u00f3 el Fiscal de Oaxaca.<\/p>\n<p>Rodr\u00edguez Alamilla recalc\u00f3 que, la Central de Abastos es percibida como una de las zonas m\u00e1s inseguras de nuestra capital, pues a partir de informes de la Instituci\u00f3n procuradora de justicia y de los diversos an\u00e1lisis de la opini\u00f3n de la ciudadan\u00eda, se considera que este centro comercial se ha convertido en un espacio que registra incidencia en delitos como robo a transe\u00fantes, cristalazos a veh\u00edculos, adem\u00e1s de toda una serie de acciones delictivas, los cuales se atienden con la implementaci\u00f3n de este operativo que ser\u00e1 permanente.<\/p>\n<p>Asimismo, Rodr\u00edguez Alamilla detall\u00f3 que, la Central de Abastos concentra m\u00e1s de 25 mil puestos comerciales entre establecidos y ambulantes, en tanto que, respecto al fen\u00f3meno delictivo, se identific\u00f3 que hay zonas en donde hay mercado negro de equipos electr\u00f3nicos, as\u00ed como puntos de distribuci\u00f3n y consumo de drogas.<\/p>\n<p>Rodr\u00edguez Alamilla agreg\u00f3 que, entre 80 y 100 mil personas transitan a diario por esta zona, asimismo se estima una derrama econ\u00f3mica de m\u00e1s de 35 millones de pesos al d\u00eda.<\/p>\n<p>Finalmente, el Fiscal Bernardo Rodr\u00edguez Alamilla reiter\u00f3 que la FGEO est\u00e1 comprometida con los trabajos coordinados con los tres niveles de gobierno para llevar a cabo acciones efectivas para disminuir la incidencia delictiva en la entidad.<\/p>\n<p><img fetchpriority=\"high\" decoding=\"async\" class=\"alignnone size-medium wp-image-9023\" src=\"https:\/\/portal.fgeo.gob.mx\/wp-content\/uploads\/2025\/05\/WhatsApp-Image-2025-05-19-at-1.26.05-PM-300x194.jpeg\" alt=\"\" width=\"300\" height=\"194\" \/> <img decoding=\"async\" class=\"alignnone size-medium wp-image-9024\" src=\"https:\/\/portal.fgeo.gob.mx\/wp-content\/uploads\/2025\/05\/WhatsApp-Image-2025-05-19-at-1.25.10-PM-2-300x178.jpeg\" alt=\"\" width=\"300\" height=\"178\" \/> <img decoding=\"async\" class=\"alignnone size-medium wp-image-9025\" src=\"https:\/\/portal.fgeo.gob.mx\/wp-content\/uploads\/2025\/05\/WhatsApp-Image-2025-05-19-at-1.25.10-PM-1-300x200.jpeg\" alt=\"\" width=\"300\" height=\"200\" \/> <img loading=\"lazy\" decoding=\"async\" class=\"alignnone size-medium wp-image-9026\" src=\"https:\/\/portal.fgeo.gob.mx\/wp-content\/uploads\/2025\/05\/WhatsApp-Image-2025-05-19-at-1.25.10-PM-300x200.jpeg\" alt=\"\" width=\"300\" height=\"200\" \/><\/p>\n<p>&nbsp;<\/p>\n","protected":false},"author":2,"featured_media":8972,"comment_status":"closed","ping_status":"closed","template":"","tags":[],"categoria_noticias":[],"class_list":["post-16764","noticias","type-noticias","status-publish","has-post-thumbnail","hentry"],"acf":[],"mb":[],"mfb_rest_fields":["title","gutenberg_elementor_mode"],"_links":{"self":[{"href":"https:\/\/portal.fgeo.gob.mx\/index.php\/wp-json\/wp\/v2\/noticias\/16764","targetHints":{"allow":["GET"]}}],"collection":[{"href":"https:\/\/portal.fgeo.gob.mx\/index.php\/wp-json\/wp\/v2\/noticias"}],"about":[{"href":"https:\/\/portal.fgeo.gob.mx\/index.php\/wp-json\/wp\/v2\/types\/noticias"}],"author":[{"embeddable":true,"href":"https:\/\/portal.fgeo.gob.mx\/index.php\/wp-json\/wp\/v2\/users\/2"}],"replies":[{"embeddable":true,"href":"https:\/\/portal.fgeo.gob.mx\/index.php\/wp-json\/wp\/v2\/comments?post=16764"}],"wp:featuredmedia":[{"embeddable":true,"href":"https:\/\/portal.fgeo.gob.mx\/index.php\/wp-json\/"}],"wp:attachment":[{"href":"https:\/\/portal.fgeo.gob.mx\/index.php\/wp-json\/wp\/v2\/media?parent=16764"}],"wp:term":[{"taxonomy":"post_tag","embeddable":true,"href":"https:\/\/portal.fgeo.gob.mx\/index.php\/wp-json\/wp\/v2\/tags?post=16764"},{"taxonomy":"categoria_noticias","embeddable":true,"href":"https:\/\/portal.fgeo.gob.mx\/index.php\/wp-json\/wp\/v2\/categoria_noticias?post=16764"}],"curies":[{"name":"wp","href":"https:\/\/api.w.org\/{rel}","templated":true}]}}