{"id":16761,"date":"2025-05-15T16:00:53","date_gmt":"2025-05-15T22:00:53","guid":{"rendered":"https:\/\/fge.oaxaca.gob.mx\/?post_type=noticias&amp;p=8991"},"modified":"2025-05-15T16:00:53","modified_gmt":"2025-05-15T22:00:53","slug":"boletin-1458-con-operacion-sable-detienen-a-41-objetivos-prioritarios-y-generadores-de-violencia-en-la-region-del-istmo-de-tehuantepec-fiscal-de-oaxaca-bernardo-rodriguez-alami","status":"publish","type":"noticias","link":"https:\/\/portal.fgeo.gob.mx\/index.php\/archivos\/noticias\/boletin-1458-con-operacion-sable-detienen-a-41-objetivos-prioritarios-y-generadores-de-violencia-en-la-region-del-istmo-de-tehuantepec-fiscal-de-oaxaca-bernardo-rodriguez-alami","title":{"rendered":"BOLET\u00cdN 1,458.- \u201cCon Operaci\u00f3n Sable, detienen a 41 objetivos prioritarios y generadores de violencia en la regi\u00f3n del Istmo de Tehuantepec: Fiscal de Oaxaca\u201d, Bernardo Rodr\u00edguez Alamilla"},"content":{"rendered":"<p>* Aplica FGEO acciones conjuntas con SEMAR, DEFENSA, Guardia Nacional y Secretar\u00eda de Seguridad y Protecci\u00f3n Ciudadana<\/p>\n<p><strong>Oaxaca de Ju\u00e1rez a 15 de mayo de 2025.- <\/strong>Al participar en la Conferencia de Prensa de Seguridad, el Fiscal General del Estado de Oaxaca, Bernardo Rodr\u00edguez Alamilla, destac\u00f3 que, en los dos meses de aplicaci\u00f3n de la \u201cOperaci\u00f3n Sable\u201d se ha logrado la detenci\u00f3n de 41 personas consideradas como objetivos prioritarios y generadores de violencia en la regi\u00f3n del Istmo de Tehuantepec.<\/p>\n<p>El titular de la Fiscal\u00eda General del Estado de Oaxaca, Bernardo Rodr\u00edguez Alamilla detall\u00f3 que este operativo es una acci\u00f3n coordinada con la Secretar\u00eda de Marina, la Secretar\u00eda de la Defensa Nacional (DEFENSA), Guardia Nacional y la Secretar\u00eda de Seguridad y Protecci\u00f3n Ciudadana, la cual tiene el principal objetivo de reducir los \u00edndices delictivos en la regi\u00f3n del Istmo de Tehuantepec, especialmente en delitos de alto impacto.<\/p>\n<p>El Fiscal Bernardo Rodr\u00edguez puntualiz\u00f3 que el 14 de mayo se logr\u00f3 la detenci\u00f3n en flagrancia de tres personas, a quienes les aseguraron armas de fuego y dosis de diversas drogas, adem\u00e1s una de las personas detenidas, la cual es identificada como A.P.R. estaba siendo buscado por su probable participaci\u00f3n en diferentes actividades il\u00edcitas relacionadas con la delincuencia organizada en la zona noroeste del pa\u00eds.<\/p>\n<p>Y resalt\u00f3 que las labores de investigaci\u00f3n permitieron determinar que A.P.R.\u00a0 estar\u00eda vinculado con c\u00e9lulas delictivas que operan en el norte del pa\u00eds, principalmente en el Estado de Sinaloa, adem\u00e1s que est\u00e1 considerado como uno de los principales responsables de la violencia en la zona serrana de esa entidad.<\/p>\n<p>Tambi\u00e9n destac\u00f3 la detenci\u00f3n de una persona del sexo masculino identificado como P.A.T.V.\u00a0 alias \u201cTonche\u201d, quien est\u00e1 considerado como objetivo prioritario por ser un generador de violencia en la regi\u00f3n y estar vinculado a diversas actividades delictivas como cobro de piso, narcomenudeo y secuestro.<\/p>\n<p>Asimismo, el Fiscal de Oaxaca, Bernardo Rodr\u00edguez Alamilla explic\u00f3 que mediante las intervenciones conjuntas con dependencias federales de seguridad se ha logrado la detenci\u00f3n de 36 hombres y cinco mujeres, quienes son considerados como objetivos prioritarios por su probable participaci\u00f3n en actividades delictivas entre las que se encuentran: narcomenudeo, tr\u00e1fico de personas migrantes, extorsi\u00f3n y ejecuciones en la regi\u00f3n del Istmo de Tehuantepec.<\/p>\n<p>Rodr\u00edguez Alamilla insisti\u00f3 en que el principal objetivo de la ejecuci\u00f3n de la \u201cOperaci\u00f3n Sable\u201d es reducir la incidencia delictiva en la zona del Istmo de Tehuantepec, especialmente en delitos como homicidio doloso, narcomenudeo, extorsi\u00f3n, y que las acciones se est\u00e1n ampliando, lo que permitir\u00e1 realizar intervenciones en los municipios de Mat\u00edas Romero y Salina Cruz pues, la efectividad de este operativo ya se est\u00e1 viendo reflejada en la disminuci\u00f3n de la incidencia delictiva en la regi\u00f3n.<\/p>\n<p>Finalmente, el Fiscal Bernardo Rodr\u00edguez Alamilla reiter\u00f3 que la FGEO est\u00e1 comprometida con realizar acciones efectivas para disminuir la incidencia delictiva en la entidad, por ello, realiza alianzas estrat\u00e9gicas que permitan acciones coordinadas con los tres niveles de gobierno con el objetivo de aumentar la efectividad y mejorar los resultados que se brindan a la ciudadan\u00eda.<\/p>\n<p><img fetchpriority=\"high\" decoding=\"async\" class=\"alignnone size-medium wp-image-8993\" src=\"https:\/\/portal.fgeo.gob.mx\/wp-content\/uploads\/2025\/05\/WhatsApp-Image-2025-05-15-at-2.13.53-PM-1-300x200.jpeg\" alt=\"\" width=\"300\" height=\"200\" \/> <img decoding=\"async\" class=\"alignnone size-medium wp-image-8994\" src=\"https:\/\/portal.fgeo.gob.mx\/wp-content\/uploads\/2025\/05\/WhatsApp-Image-2025-05-15-at-2.13.53-PM-2-300x200.jpeg\" alt=\"\" width=\"300\" height=\"200\" \/> <img decoding=\"async\" class=\"alignnone size-medium wp-image-8995\" src=\"https:\/\/portal.fgeo.gob.mx\/wp-content\/uploads\/2025\/05\/WhatsApp-Image-2025-05-15-at-2.13.53-PM-3-300x200.jpeg\" alt=\"\" width=\"300\" height=\"200\" \/> <img loading=\"lazy\" decoding=\"async\" class=\"alignnone size-medium wp-image-8996\" src=\"https:\/\/portal.fgeo.gob.mx\/wp-content\/uploads\/2025\/05\/WhatsApp-Image-2025-05-15-at-2.13.53-PM-300x200.jpeg\" alt=\"\" width=\"300\" height=\"200\" \/> <img loading=\"lazy\" decoding=\"async\" class=\"alignnone size-medium wp-image-8997\" src=\"https:\/\/portal.fgeo.gob.mx\/wp-content\/uploads\/2025\/05\/WhatsApp-Image-2025-05-15-at-2.14.04-PM-1-300x165.jpeg\" alt=\"\" width=\"300\" height=\"165\" \/> <img loading=\"lazy\" decoding=\"async\" class=\"alignnone size-medium wp-image-8998\" src=\"https:\/\/portal.fgeo.gob.mx\/wp-content\/uploads\/2025\/05\/WhatsApp-Image-2025-05-15-at-2.14.04-PM-2-300x176.jpeg\" alt=\"\" width=\"300\" height=\"176\" \/> <img loading=\"lazy\" decoding=\"async\" class=\"alignnone size-medium wp-image-8999\" src=\"https:\/\/portal.fgeo.gob.mx\/wp-content\/uploads\/2025\/05\/WhatsApp-Image-2025-05-15-at-2.14.04-PM-3-300x166.jpeg\" alt=\"\" width=\"300\" height=\"166\" \/> <img loading=\"lazy\" decoding=\"async\" class=\"alignnone size-medium wp-image-9000\" src=\"https:\/\/portal.fgeo.gob.mx\/wp-content\/uploads\/2025\/05\/WhatsApp-Image-2025-05-15-at-2.14.04-PM-4-300x169.jpeg\" alt=\"\" width=\"300\" height=\"169\" \/> <img loading=\"lazy\" decoding=\"async\" class=\"alignnone size-medium wp-image-9001\" src=\"https:\/\/portal.fgeo.gob.mx\/wp-content\/uploads\/2025\/05\/WhatsApp-Image-2025-05-15-at-2.14.04-PM-300x175.jpeg\" alt=\"\" width=\"300\" height=\"175\" \/><\/p>\n","protected":false},"author":2,"featured_media":8972,"comment_status":"closed","ping_status":"closed","template":"","tags":[],"categoria_noticias":[],"class_list":["post-16761","noticias","type-noticias","status-publish","has-post-thumbnail","hentry"],"acf":[],"mb":[],"mfb_rest_fields":["title","gutenberg_elementor_mode"],"_links":{"self":[{"href":"https:\/\/portal.fgeo.gob.mx\/index.php\/wp-json\/wp\/v2\/noticias\/16761","targetHints":{"allow":["GET"]}}],"collection":[{"href":"https:\/\/portal.fgeo.gob.mx\/index.php\/wp-json\/wp\/v2\/noticias"}],"about":[{"href":"https:\/\/portal.fgeo.gob.mx\/index.php\/wp-json\/wp\/v2\/types\/noticias"}],"author":[{"embeddable":true,"href":"https:\/\/portal.fgeo.gob.mx\/index.php\/wp-json\/wp\/v2\/users\/2"}],"replies":[{"embeddable":true,"href":"https:\/\/portal.fgeo.gob.mx\/index.php\/wp-json\/wp\/v2\/comments?post=16761"}],"wp:featuredmedia":[{"embeddable":true,"href":"https:\/\/portal.fgeo.gob.mx\/index.php\/wp-json\/"}],"wp:attachment":[{"href":"https:\/\/portal.fgeo.gob.mx\/index.php\/wp-json\/wp\/v2\/media?parent=16761"}],"wp:term":[{"taxonomy":"post_tag","embeddable":true,"href":"https:\/\/portal.fgeo.gob.mx\/index.php\/wp-json\/wp\/v2\/tags?post=16761"},{"taxonomy":"categoria_noticias","embeddable":true,"href":"https:\/\/portal.fgeo.gob.mx\/index.php\/wp-json\/wp\/v2\/categoria_noticias?post=16761"}],"curies":[{"name":"wp","href":"https:\/\/api.w.org\/{rel}","templated":true}]}}