{"id":16758,"date":"2025-05-14T12:07:03","date_gmt":"2025-05-14T18:07:03","guid":{"rendered":"https:\/\/fge.oaxaca.gob.mx\/?post_type=noticias&amp;p=8982"},"modified":"2025-05-14T12:07:03","modified_gmt":"2025-05-14T18:07:03","slug":"boletin-1455-fiscalia-de-oaxaca-obtiene-vinculacion-a-proceso-contra-imputado-por-homicidio-cometido-por-un-grupo-de-pandilleros-autodenominados-cholos-ocurrido-en-cuilapam-de-gu","status":"publish","type":"noticias","link":"https:\/\/portal.fgeo.gob.mx\/index.php\/archivos\/noticias\/boletin-1455-fiscalia-de-oaxaca-obtiene-vinculacion-a-proceso-contra-imputado-por-homicidio-cometido-por-un-grupo-de-pandilleros-autodenominados-cholos-ocurrido-en-cuilapam-de-gu","title":{"rendered":"BOLET\u00cdN 1,455.- Fiscal\u00eda de Oaxaca obtiene vinculaci\u00f3n a proceso contra imputado por homicidio cometido por un grupo de pandilleros autodenominados \u201ccholos\u201d, ocurrido en Cuil\u00e1pam de Guerrero"},"content":{"rendered":"<p><strong>Oaxaca de Ju\u00e1rez a 14 de mayo de 2025.-\u00a0<\/strong>La Fiscal\u00eda General del Estado de Oaxaca (FGEO) obtuvo la vinculaci\u00f3n a proceso de una persona del sexo masculino identificada como B.D.M.S., alias \u201cel Huguito\u201d, por el delito de homicidio calificado, cometido en el municipio de Cuil\u00e1pam de Guerrero, hecho que qued\u00f3 registrado en diferentes videos que se publicaron en plataformas digitales.<\/p>\n<p>De acuerdo con el expediente penal del caso, los hechos ocurrieron el 28 de diciembre de 2024, sobre el boulevard Escuela M\u00e9dico Militar, frente a una gasolinera, donde de acuerdo con las investigaciones, se estableci\u00f3 que integrantes de una pandilla (cholos) de la zona, agredieron a la v\u00edctima identificada como C.D.C.P., quien perdi\u00f3 la vida a consecuencia de las lesiones infligidas.<\/p>\n<p>Al tener conocimiento de los hechos, la FGEO inici\u00f3 las investigaciones correspondientes que quedaron a cargo de la Fiscal\u00eda Especializada para la Atenci\u00f3n a Delitos de Alto Impacto que logr\u00f3 trazar l\u00edneas de investigaci\u00f3n que permitieron la obtenci\u00f3n y posterior ejecuci\u00f3n de la orden de aprehensi\u00f3n en contra de B.D.M.S., alias \u201cel Huguito\u201d.<\/p>\n<p>Luego de la primera audiencia y, gracias a las investigaciones iniciales realizadas por la Fiscal\u00eda de Oaxaca, el Juez dict\u00f3 auto de vinculaci\u00f3n a proceso en contra de B.D.M.S., alias \u201cel Huguito\u201d, quien qued\u00f3 en prisi\u00f3n preventiva.<\/p>\n<p>La Fiscal\u00eda de Oaxaca realiza labores ministeriales necesarias que permitan presentar ante la justicia a quien o quienes resulten responsables de delitos de alto impacto, esto con el objetivo de brindar a las v\u00edctimas directas e indirectas un adecuado acceso a la procuraci\u00f3n de justicia.<\/p>\n<figure id=\"attachment_8983\" aria-describedby=\"caption-attachment-8983\" style=\"width: 300px\" class=\"wp-caption alignnone\"><img decoding=\"async\" class=\"size-medium wp-image-8983\" src=\"https:\/\/portal.fgeo.gob.mx\/wp-content\/uploads\/2025\/05\/Dise%C3%B1o-sin-t%C3%ADtulo-14-300x128.jpg\" alt=\"\" width=\"300\" height=\"128\" \/><figcaption id=\"caption-attachment-8983\" class=\"wp-caption-text\">Dise\u00f1o sin t\u00edtulo &#8211; 1<\/figcaption><\/figure>\n","protected":false},"author":2,"featured_media":8972,"comment_status":"closed","ping_status":"closed","template":"","tags":[],"categoria_noticias":[],"class_list":["post-16758","noticias","type-noticias","status-publish","has-post-thumbnail","hentry"],"acf":[],"mb":[],"mfb_rest_fields":["title","gutenberg_elementor_mode"],"_links":{"self":[{"href":"https:\/\/portal.fgeo.gob.mx\/index.php\/wp-json\/wp\/v2\/noticias\/16758","targetHints":{"allow":["GET"]}}],"collection":[{"href":"https:\/\/portal.fgeo.gob.mx\/index.php\/wp-json\/wp\/v2\/noticias"}],"about":[{"href":"https:\/\/portal.fgeo.gob.mx\/index.php\/wp-json\/wp\/v2\/types\/noticias"}],"author":[{"embeddable":true,"href":"https:\/\/portal.fgeo.gob.mx\/index.php\/wp-json\/wp\/v2\/users\/2"}],"replies":[{"embeddable":true,"href":"https:\/\/portal.fgeo.gob.mx\/index.php\/wp-json\/wp\/v2\/comments?post=16758"}],"wp:featuredmedia":[{"embeddable":true,"href":"https:\/\/portal.fgeo.gob.mx\/index.php\/wp-json\/"}],"wp:attachment":[{"href":"https:\/\/portal.fgeo.gob.mx\/index.php\/wp-json\/wp\/v2\/media?parent=16758"}],"wp:term":[{"taxonomy":"post_tag","embeddable":true,"href":"https:\/\/portal.fgeo.gob.mx\/index.php\/wp-json\/wp\/v2\/tags?post=16758"},{"taxonomy":"categoria_noticias","embeddable":true,"href":"https:\/\/portal.fgeo.gob.mx\/index.php\/wp-json\/wp\/v2\/categoria_noticias?post=16758"}],"curies":[{"name":"wp","href":"https:\/\/api.w.org\/{rel}","templated":true}]}}