{"id":16756,"date":"2025-05-13T16:00:45","date_gmt":"2025-05-13T22:00:45","guid":{"rendered":"https:\/\/fge.oaxaca.gob.mx\/?post_type=noticias&amp;p=8977"},"modified":"2025-05-13T16:00:45","modified_gmt":"2025-05-13T22:00:45","slug":"boletin-1453-fiscalia-de-oaxaca-obtiene-vinculacion-a-proceso-y-prision-preventiva-contra-una-persona-por-secuestro-cometido-en-tlaxiaco","status":"publish","type":"noticias","link":"https:\/\/portal.fgeo.gob.mx\/index.php\/archivos\/noticias\/boletin-1453-fiscalia-de-oaxaca-obtiene-vinculacion-a-proceso-y-prision-preventiva-contra-una-persona-por-secuestro-cometido-en-tlaxiaco","title":{"rendered":"BOLET\u00cdN 1,453.- Fiscal\u00eda de Oaxaca obtiene vinculaci\u00f3n a proceso y prisi\u00f3n preventiva contra una persona por secuestro cometido en Tlaxiaco"},"content":{"rendered":"<p><strong>Oaxaca de Ju\u00e1rez a 13 de mayo de 2025.- <\/strong>Como parte de las labores de investigaci\u00f3n ministerial para el combate de los delitos de alto impacto, la Fiscal\u00eda General del Estado de Oaxaca (FGEO) obtuvo auto de vinculaci\u00f3n a proceso en contra de una persona del sexo masculino identificada como A.G.S., por el delito de secuestro agravado, cometido en la regi\u00f3n de la Mixteca.<\/p>\n<p>De acuerdo con lo asentado en el expediente penal del caso, el 03 de junio de 2019, la v\u00edctima fue interceptada por un grupo de personas que portaban armas de fuego, cuando sal\u00eda de su negocio ubicado en inmediaciones de Tlaxiaco, y lo privaron de la libertad.<\/p>\n<p>Posteriormente, familiares de la v\u00edctima recibieron llamadas donde exig\u00edan una fuerte suma de dinero a cambio de su liberaci\u00f3n.<\/p>\n<p>La investigaci\u00f3n revela que, el 17 de junio de 2019, la v\u00edctima fue liberada tras las negociaciones.<\/p>\n<p>Ante los hechos, la FGEO inici\u00f3 las investigaciones a trav\u00e9s de la Fiscal\u00eda Especializada para la Atenci\u00f3n a Delitos de Alto Impacto, gracias a las cuales se obtuvo una orden de aprehensi\u00f3n por la que detuvieron a A.G.S.<\/p>\n<p>En audiencia, el Juez que atiende la causa dict\u00f3 auto de vinculaci\u00f3n a proceso en contra de A.G.S., por el delito de secuestro agravado, imponiendo la medida cautelar de prisi\u00f3n preventiva oficiosa, adem\u00e1s de otorgar el plazo de 6 meses para el cierre de la investigaci\u00f3n complementaria.<\/p>\n<p>Garantizar paz a la ciudadan\u00eda representa un compromiso ineludible para la Fiscal\u00eda General de Oaxaca, presentando ante la justicia a quien o quienes atenten contra su bienestar.<\/p>\n<p>&nbsp;<\/p>\n","protected":false},"author":2,"featured_media":8972,"comment_status":"closed","ping_status":"closed","template":"","tags":[],"categoria_noticias":[],"class_list":["post-16756","noticias","type-noticias","status-publish","has-post-thumbnail","hentry"],"acf":[],"mb":[],"mfb_rest_fields":["title","gutenberg_elementor_mode"],"_links":{"self":[{"href":"https:\/\/portal.fgeo.gob.mx\/index.php\/wp-json\/wp\/v2\/noticias\/16756","targetHints":{"allow":["GET"]}}],"collection":[{"href":"https:\/\/portal.fgeo.gob.mx\/index.php\/wp-json\/wp\/v2\/noticias"}],"about":[{"href":"https:\/\/portal.fgeo.gob.mx\/index.php\/wp-json\/wp\/v2\/types\/noticias"}],"author":[{"embeddable":true,"href":"https:\/\/portal.fgeo.gob.mx\/index.php\/wp-json\/wp\/v2\/users\/2"}],"replies":[{"embeddable":true,"href":"https:\/\/portal.fgeo.gob.mx\/index.php\/wp-json\/wp\/v2\/comments?post=16756"}],"wp:featuredmedia":[{"embeddable":true,"href":"https:\/\/portal.fgeo.gob.mx\/index.php\/wp-json\/"}],"wp:attachment":[{"href":"https:\/\/portal.fgeo.gob.mx\/index.php\/wp-json\/wp\/v2\/media?parent=16756"}],"wp:term":[{"taxonomy":"post_tag","embeddable":true,"href":"https:\/\/portal.fgeo.gob.mx\/index.php\/wp-json\/wp\/v2\/tags?post=16756"},{"taxonomy":"categoria_noticias","embeddable":true,"href":"https:\/\/portal.fgeo.gob.mx\/index.php\/wp-json\/wp\/v2\/categoria_noticias?post=16756"}],"curies":[{"name":"wp","href":"https:\/\/api.w.org\/{rel}","templated":true}]}}