{"id":16755,"date":"2025-05-13T13:20:56","date_gmt":"2025-05-13T19:20:56","guid":{"rendered":"https:\/\/fge.oaxaca.gob.mx\/?post_type=noticias&amp;p=8975"},"modified":"2025-05-13T13:20:56","modified_gmt":"2025-05-13T19:20:56","slug":"boletin-1452-tras-cateo-fiscalia-de-oaxaca-lleva-ante-juez-y-obtiene-prision-preventiva-contra-una-persona-por-el-delito-contra-la-salud-hechos-ocurridos-en-la-region-del-istmo","status":"publish","type":"noticias","link":"https:\/\/portal.fgeo.gob.mx\/index.php\/archivos\/noticias\/boletin-1452-tras-cateo-fiscalia-de-oaxaca-lleva-ante-juez-y-obtiene-prision-preventiva-contra-una-persona-por-el-delito-contra-la-salud-hechos-ocurridos-en-la-region-del-istmo","title":{"rendered":"BOLET\u00cdN 1,452.- Tras cateo, Fiscal\u00eda de Oaxaca lleva ante Juez y obtiene prisi\u00f3n preventiva contra una persona por el delito contra la salud, hechos ocurridos en la regi\u00f3n del Istmo"},"content":{"rendered":"<p style=\"font-weight: 400\"><strong>Oaxaca de Ju\u00e1rez a 13 de mayo de 2025.-\u00a0<\/strong>La Fiscal\u00eda General del Estado de Oaxaca (FGEO) ejecut\u00f3 una orden de cateo en la regi\u00f3n del Istmo de Tehuantepec, derivado de la cual se logr\u00f3 la detenci\u00f3n de una persona del sexo masculino identificado como J.M.E.M., por el delito contra la salud en agravio de la sociedad.<\/p>\n<p style=\"font-weight: 400\">Este operativo estrat\u00e9gico fue encabezado por la FGEO, a trav\u00e9s de la Vicefiscal\u00eda Regional de Istmo, en coordinaci\u00f3n con elementos de la Agencia Estatal de Investigaciones (AEI), as\u00ed como de la Secretar\u00eda de la Defensa Nacional (DEFENSA), Guardia Nacional (GN) y Polic\u00eda Estatal de Oaxaca, el cual se realiz\u00f3 en un domicilio ubicado en la colonia G\u00fcihub\u00e1 del Barrio de la Soledad, perteneciente al municipio de Mat\u00edas Romero Avenda\u00f1o.<\/p>\n<p style=\"font-weight: 400\">Como resultado del operativo policial, se logr\u00f3 el aseguramiento de diversas dosis de drogas con caracter\u00edsticas similares a la marihuana y cristal, adem\u00e1s de pipas de cristal, armas de fuego, cartuchos \u00fatiles de diversos calibres, b\u00e1sculas grameras y cargadores, as\u00ed como la detenci\u00f3n de una persona del sexo masculino identificada como J.M.E.M., quien fue puesto inmediatamente a disposici\u00f3n de la autoridad correspondiente que lo requiri\u00f3.<\/p>\n<p style=\"font-weight: 400\">En el desahogo de la audiencia inicial, el Juez de Control decret\u00f3 como legal la detenci\u00f3n de J.M.E.M., adem\u00e1s que se comunic\u00f3 la imputaci\u00f3n y se le impuso la medida cautelar de prisi\u00f3n preventiva de manera provisional a espera de la resoluci\u00f3n luego de solicitar auto de vinculaci\u00f3n a proceso en contra del imputado.<\/p>\n<p style=\"font-weight: 400\">La Fiscal\u00eda General del Estado de Oaxaca realiza este tipo de acciones con el objetivo de combatir los delitos contra la salud que atenten contra la ciudadan\u00eda.<\/p>\n<figure id=\"attachment_8976\" aria-describedby=\"caption-attachment-8976\" style=\"width: 300px\" class=\"wp-caption alignnone\"><img decoding=\"async\" class=\"size-medium wp-image-8976\" src=\"https:\/\/portal.fgeo.gob.mx\/wp-content\/uploads\/2025\/05\/Dise%C3%B1o-sin-t%C3%ADtulo-13-300x85.jpg\" alt=\"\" width=\"300\" height=\"85\" \/><figcaption id=\"caption-attachment-8976\" class=\"wp-caption-text\">Dise\u00f1o sin t\u00edtulo &#8211; 1<\/figcaption><\/figure>\n","protected":false},"author":2,"featured_media":8972,"comment_status":"closed","ping_status":"closed","template":"","tags":[],"categoria_noticias":[],"class_list":["post-16755","noticias","type-noticias","status-publish","has-post-thumbnail","hentry"],"acf":[],"mb":[],"mfb_rest_fields":["title","gutenberg_elementor_mode"],"_links":{"self":[{"href":"https:\/\/portal.fgeo.gob.mx\/index.php\/wp-json\/wp\/v2\/noticias\/16755","targetHints":{"allow":["GET"]}}],"collection":[{"href":"https:\/\/portal.fgeo.gob.mx\/index.php\/wp-json\/wp\/v2\/noticias"}],"about":[{"href":"https:\/\/portal.fgeo.gob.mx\/index.php\/wp-json\/wp\/v2\/types\/noticias"}],"author":[{"embeddable":true,"href":"https:\/\/portal.fgeo.gob.mx\/index.php\/wp-json\/wp\/v2\/users\/2"}],"replies":[{"embeddable":true,"href":"https:\/\/portal.fgeo.gob.mx\/index.php\/wp-json\/wp\/v2\/comments?post=16755"}],"wp:featuredmedia":[{"embeddable":true,"href":"https:\/\/portal.fgeo.gob.mx\/index.php\/wp-json\/"}],"wp:attachment":[{"href":"https:\/\/portal.fgeo.gob.mx\/index.php\/wp-json\/wp\/v2\/media?parent=16755"}],"wp:term":[{"taxonomy":"post_tag","embeddable":true,"href":"https:\/\/portal.fgeo.gob.mx\/index.php\/wp-json\/wp\/v2\/tags?post=16755"},{"taxonomy":"categoria_noticias","embeddable":true,"href":"https:\/\/portal.fgeo.gob.mx\/index.php\/wp-json\/wp\/v2\/categoria_noticias?post=16755"}],"curies":[{"name":"wp","href":"https:\/\/api.w.org\/{rel}","templated":true}]}}