{"id":16754,"date":"2025-05-13T10:24:37","date_gmt":"2025-05-13T16:24:37","guid":{"rendered":"https:\/\/fge.oaxaca.gob.mx\/?post_type=noticias&amp;p=8973"},"modified":"2025-05-13T10:24:37","modified_gmt":"2025-05-13T16:24:37","slug":"boletin-1451-fgeo-aprehende-a-una-persona-por-los-delitos-de-discriminacion-abigeato-y-danos-por-incendio-en-agravio-de-una-familia-que-profesa-la-religion-cristiana-en-la-cuenca","status":"publish","type":"noticias","link":"https:\/\/portal.fgeo.gob.mx\/index.php\/archivos\/noticias\/boletin-1451-fgeo-aprehende-a-una-persona-por-los-delitos-de-discriminacion-abigeato-y-danos-por-incendio-en-agravio-de-una-familia-que-profesa-la-religion-cristiana-en-la-cuenca","title":{"rendered":"BOLET\u00cdN 1,451.- FGEO aprehende a una persona por los delitos de discriminaci\u00f3n, abigeato y da\u00f1os por incendio en agravio de una familia que profesa la religi\u00f3n Cristiana en la Cuenca"},"content":{"rendered":"<p><strong>Oaxaca de Ju\u00e1rez a 13 de mayo de 2025.- <\/strong>La Fiscal\u00eda General del Estado de Oaxaca (FGEO) dio cumplimiento a una orden de aprehensi\u00f3n en contra de una persona del sexo masculino identificada como J.P.C., por los delitos de discriminaci\u00f3n, abigeato y da\u00f1os por incendio en agravio de una familia agrupada en la Iglesia Cristiana Interdenominacional Asociaci\u00f3n Religiosa (ICIAR) de la regi\u00f3n de la Cuenca.<\/p>\n<p>&nbsp;<\/p>\n<p>La detenci\u00f3n fue realizada por elementos de la Agencia Estatal de Investigaciones (AEI) adscritos a la Vicefiscal\u00eda Regional de la Cuenca, cuando J.P.C. se encontraba sobre la carretera San Lorenzo jurisdicci\u00f3n del municipio de San Juan Lalana Cho\u00e1pam.<\/p>\n<p>&nbsp;<\/p>\n<p>Dicho mandato judicial deriva de hechos ocurridos el 21 de noviembre de 2023, en la agencia municipal de San Isidro Arenal, perteneciente a San Juan Lalana Cho\u00e1pam, cuando integrantes de una familia, entre los que se encontraban menores de edad, fueron discriminados, despojados de sus predios y de sus animales (cabezas de ganado), adem\u00e1s que fueron v\u00edctimas de la quema de sus propiedades, hechos violentos que presumiblemente derivan por profesar la religi\u00f3n cristiana evang\u00e9lica.<\/p>\n<p>&nbsp;<\/p>\n<p>Cuando la FGEO tom\u00f3 conocimiento del caso, inici\u00f3 las investigaciones a trav\u00e9s de la Vicefiscal\u00eda Regional de la Cuenca encontrando diversas pruebas que permitieron deslindar responsabilidades y con ello, la liberaci\u00f3n de las respectivas \u00f3rdenes de aprehensi\u00f3n, una de ellas la de J.P.C., que al ser detenido fue puesto a disposici\u00f3n de la autoridad que lo requiri\u00f3 para su debido proceso legal.<\/p>\n<p>&nbsp;<\/p>\n<p>Los trabajos ministeriales que realiza la Fiscal\u00eda de Oaxaca se traducen en acciones asertivas para que las v\u00edctimas tengan pleno acceso a la justicia y la reparaci\u00f3n del da\u00f1o.<\/p>\n<p><img fetchpriority=\"high\" decoding=\"async\" class=\"alignnone size-medium wp-image-8974\" src=\"https:\/\/portal.fgeo.gob.mx\/wp-content\/uploads\/2025\/05\/Dise%C3%B1o-sin-t%C3%ADtulo-12-225x300.jpg\" alt=\"\" width=\"225\" height=\"300\" \/><\/p>\n","protected":false},"author":2,"featured_media":8972,"comment_status":"closed","ping_status":"closed","template":"","tags":[],"categoria_noticias":[],"class_list":["post-16754","noticias","type-noticias","status-publish","has-post-thumbnail","hentry"],"acf":[],"mb":[],"mfb_rest_fields":["title","gutenberg_elementor_mode"],"_links":{"self":[{"href":"https:\/\/portal.fgeo.gob.mx\/index.php\/wp-json\/wp\/v2\/noticias\/16754","targetHints":{"allow":["GET"]}}],"collection":[{"href":"https:\/\/portal.fgeo.gob.mx\/index.php\/wp-json\/wp\/v2\/noticias"}],"about":[{"href":"https:\/\/portal.fgeo.gob.mx\/index.php\/wp-json\/wp\/v2\/types\/noticias"}],"author":[{"embeddable":true,"href":"https:\/\/portal.fgeo.gob.mx\/index.php\/wp-json\/wp\/v2\/users\/2"}],"replies":[{"embeddable":true,"href":"https:\/\/portal.fgeo.gob.mx\/index.php\/wp-json\/wp\/v2\/comments?post=16754"}],"wp:featuredmedia":[{"embeddable":true,"href":"https:\/\/portal.fgeo.gob.mx\/index.php\/wp-json\/"}],"wp:attachment":[{"href":"https:\/\/portal.fgeo.gob.mx\/index.php\/wp-json\/wp\/v2\/media?parent=16754"}],"wp:term":[{"taxonomy":"post_tag","embeddable":true,"href":"https:\/\/portal.fgeo.gob.mx\/index.php\/wp-json\/wp\/v2\/tags?post=16754"},{"taxonomy":"categoria_noticias","embeddable":true,"href":"https:\/\/portal.fgeo.gob.mx\/index.php\/wp-json\/wp\/v2\/categoria_noticias?post=16754"}],"curies":[{"name":"wp","href":"https:\/\/api.w.org\/{rel}","templated":true}]}}