{"id":16751,"date":"2025-05-12T11:39:06","date_gmt":"2025-05-12T17:39:06","guid":{"rendered":"https:\/\/fge.oaxaca.gob.mx\/?post_type=noticias&amp;p=8963"},"modified":"2025-05-12T11:39:06","modified_gmt":"2025-05-12T17:39:06","slug":"boletin-1448-fiscalia-de-oaxaca-logra-vincular-a-proceso-a-una-persona-por-violacion-agravada-contra-una-adolescente-ocurrida-en-la-region-de-la-costa","status":"publish","type":"noticias","link":"https:\/\/portal.fgeo.gob.mx\/index.php\/archivos\/noticias\/boletin-1448-fiscalia-de-oaxaca-logra-vincular-a-proceso-a-una-persona-por-violacion-agravada-contra-una-adolescente-ocurrida-en-la-region-de-la-costa","title":{"rendered":"BOLET\u00cdN 1,448.- Fiscal\u00eda de Oaxaca logra vincular a proceso a una persona por violaci\u00f3n agravada contra una adolescente ocurrida en la regi\u00f3n de la Costa"},"content":{"rendered":"<p style=\"font-weight: 400\"><strong>Oaxaca de Ju\u00e1rez a 12 de mayo de 2025.-\u00a0<\/strong>Como parte de la estrategia de combate a los delitos cometidos en contra de ni\u00f1as, ni\u00f1os, adolescentes y mujeres, la Fiscal\u00eda General del Estado de Oaxaca (FGEO) obtuvo auto de vinculaci\u00f3n a proceso y prisi\u00f3n preventiva en contra de L.A.G.J., por el delito de Violaci\u00f3n Agravada en perjuicio de una adolescente (cuya identidad est\u00e1 reservada por ley), en hechos cometidos en la regi\u00f3n la Costa.<\/p>\n<p style=\"font-weight: 400\">De acuerdo con la denuncia asentada en el expediente penal del caso, la agresi\u00f3n ocurri\u00f3 el 14 de agosto de 2024, en la poblaci\u00f3n de San Juan Lachao Pueblo Viejo, perteneciente al municipio de San Juan Lachao.<\/p>\n<p style=\"font-weight: 400\">La investigaci\u00f3n detalla que, la denuncia fue interpuesta el 02 de mayo de 2025, nueve meses despu\u00e9s, cuando un familiar se percat\u00f3 que la v\u00edctima hab\u00eda dado a luz a una beb\u00e9 en la poblaci\u00f3n de R\u00edo Grande.<\/p>\n<p style=\"font-weight: 400\">Luego de la denuncia, la FGEO tom\u00f3 conocimiento del caso -a trav\u00e9s de la Unidad Operativa de Investigaci\u00f3n de Delitos Cometidos Contra la Mujer Por Raz\u00f3n De G\u00e9nero, de la Vicefiscal\u00eda Regional de la Costa- logrando reunir las pruebas necesarias que permitieron obtener una orden de aprehensi\u00f3n y posteriormente la detenci\u00f3n de L.A.G.J., la cual fue ejecutada por elementos de la Agencia Estatal de Investigaciones (AEI) del grupo de alto impacto, en calles de San Juan Lachao Pueblo Viejo.<\/p>\n<p style=\"font-weight: 400\">Tras su detenci\u00f3n, L.A.G.J., fue trasladado al Ministerio P\u00fablico para su certificaci\u00f3n m\u00e9dica y con ello, iniciar los tr\u00e1mites correspondientes para su debido proceso legal.<\/p>\n<p style=\"font-weight: 400\">Gracias a los resultados del trabajo multidisciplinario que la FGEO aport\u00f3, el juez tuvo los elementos jur\u00eddicos con lo que logr\u00f3 vincular a proceso a L.A.G.J., imponiendo la medida cautelar de prisi\u00f3n preventiva, adem\u00e1s de otorgar el plazo de tres meses para el cierre de la investigaci\u00f3n complementaria.<\/p>\n<p style=\"font-weight: 400\">La Fiscal\u00eda de Oaxaca tiene entre sus ejes rectores garantizar una vida libre de violencia para ni\u00f1as, ni\u00f1os y adolescentes, a trav\u00e9s de los mecanismos de procuraci\u00f3n de justicia que est\u00e1n a cargo de \u00e1reas especializadas y bien capacitada para este tipo de labores.<\/p>\n<figure id=\"attachment_8964\" aria-describedby=\"caption-attachment-8964\" style=\"width: 300px\" class=\"wp-caption alignnone\"><img fetchpriority=\"high\" decoding=\"async\" class=\"size-medium wp-image-8964\" src=\"https:\/\/portal.fgeo.gob.mx\/wp-content\/uploads\/2025\/05\/Dise%C3%B1o-sin-t%C3%ADtulo-11-300x168.jpg\" alt=\"\" width=\"300\" height=\"168\" \/><figcaption id=\"caption-attachment-8964\" class=\"wp-caption-text\">Dise\u00f1o sin t\u00edtulo &#8211; 1<\/figcaption><\/figure>\n","protected":false},"author":2,"featured_media":8880,"comment_status":"closed","ping_status":"closed","template":"","tags":[],"categoria_noticias":[],"class_list":["post-16751","noticias","type-noticias","status-publish","has-post-thumbnail","hentry"],"acf":[],"mb":[],"mfb_rest_fields":["title","gutenberg_elementor_mode"],"_links":{"self":[{"href":"https:\/\/portal.fgeo.gob.mx\/index.php\/wp-json\/wp\/v2\/noticias\/16751","targetHints":{"allow":["GET"]}}],"collection":[{"href":"https:\/\/portal.fgeo.gob.mx\/index.php\/wp-json\/wp\/v2\/noticias"}],"about":[{"href":"https:\/\/portal.fgeo.gob.mx\/index.php\/wp-json\/wp\/v2\/types\/noticias"}],"author":[{"embeddable":true,"href":"https:\/\/portal.fgeo.gob.mx\/index.php\/wp-json\/wp\/v2\/users\/2"}],"replies":[{"embeddable":true,"href":"https:\/\/portal.fgeo.gob.mx\/index.php\/wp-json\/wp\/v2\/comments?post=16751"}],"wp:featuredmedia":[{"embeddable":true,"href":"https:\/\/portal.fgeo.gob.mx\/index.php\/wp-json\/"}],"wp:attachment":[{"href":"https:\/\/portal.fgeo.gob.mx\/index.php\/wp-json\/wp\/v2\/media?parent=16751"}],"wp:term":[{"taxonomy":"post_tag","embeddable":true,"href":"https:\/\/portal.fgeo.gob.mx\/index.php\/wp-json\/wp\/v2\/tags?post=16751"},{"taxonomy":"categoria_noticias","embeddable":true,"href":"https:\/\/portal.fgeo.gob.mx\/index.php\/wp-json\/wp\/v2\/categoria_noticias?post=16751"}],"curies":[{"name":"wp","href":"https:\/\/api.w.org\/{rel}","templated":true}]}}