{"id":16744,"date":"2025-05-08T13:02:52","date_gmt":"2025-05-08T19:02:52","guid":{"rendered":"https:\/\/fge.oaxaca.gob.mx\/?post_type=noticias&amp;p=8923"},"modified":"2025-05-08T13:02:52","modified_gmt":"2025-05-08T19:02:52","slug":"boletin-1441-fiscalia-de-oaxaca-ejecuta-orden-de-aprehension-y-detiene-a-una-persona-por-violacion-agravada-contra-una-adolescente-ocurrida-en-la-region-de-la-costa","status":"publish","type":"noticias","link":"https:\/\/portal.fgeo.gob.mx\/index.php\/archivos\/noticias\/boletin-1441-fiscalia-de-oaxaca-ejecuta-orden-de-aprehension-y-detiene-a-una-persona-por-violacion-agravada-contra-una-adolescente-ocurrida-en-la-region-de-la-costa","title":{"rendered":"BOLET\u00cdN 1,441.- Fiscal\u00eda de Oaxaca ejecuta orden de aprehensi\u00f3n y detiene a una persona por violaci\u00f3n agravada contra una adolescente ocurrida en la regi\u00f3n de la Costa"},"content":{"rendered":"<p>&nbsp;<\/p>\n<p><strong>Oaxaca de Ju\u00e1rez a 08 de mayo de 2025.- <\/strong>La Fiscal\u00eda General del Estado de Oaxaca dio cumplimiento a una orden de aprehensi\u00f3n contra una persona del sexo masculino identificado como L.A.G.J., por el delito de Violaci\u00f3n Agravada en perjuicio de una adolescente, en hechos cometidos en la regi\u00f3n la Costa.<\/p>\n<p>&nbsp;<\/p>\n<p>La agresi\u00f3n sexual, de acuerdo con la denuncia asentada en el expediente penal del caso, ocurri\u00f3 el 14 de agosto de 2024, en la poblaci\u00f3n de San Juan Lachao Pueblo Viejo, perteneciente al municipio de San Juan Lachao.<\/p>\n<p>&nbsp;<\/p>\n<p>La investigaci\u00f3n detalla que, la denuncia fue interpuesta el 02 de mayo de 2025, nueve meses despu\u00e9s, cuando un familiar se percat\u00f3 que la adolescente hab\u00eda dado a luz a una beb\u00e9 en la poblaci\u00f3n de R\u00edo Grande.<\/p>\n<p>&nbsp;<\/p>\n<p>Luego de que la FGEO tom\u00f3 conocimiento del caso, inici\u00f3 las investigaciones con perspectiva de g\u00e9nero a trav\u00e9s de la Vicefiscal\u00eda Regional de la Costa, que reuni\u00f3 las pruebas necesarias que permitieron obtener una orden de aprehensi\u00f3n y posteriormente la detenci\u00f3n de L.A.G.J., la cual fue ejecutada por elementos de la Agencia Estatal de Investigaciones (AEI) del grupo de alto impacto, cuando circulaba por calles de San Juan Lachao Pueblo Viejo.<\/p>\n<p>&nbsp;<\/p>\n<p>Tras su detenci\u00f3n, L.A.G.J.\u00a0 fue trasladado al Ministerio P\u00fablico para su certificaci\u00f3n m\u00e9dica y con ello, iniciar los tr\u00e1mites correspondientes para su debido proceso legal.<\/p>\n<p>&nbsp;<\/p>\n<p>La Fiscal\u00eda General del Estado de Oaxaca prioriza las investigaciones relacionadas con delitos cometidos contra las mujeres, ni\u00f1as y adolescentes, para presentar ante la justicia a los responsables a fin de garantizar el derecho a una vida libre de violencia.<\/p>\n<figure id=\"attachment_8924\" aria-describedby=\"caption-attachment-8924\" style=\"width: 300px\" class=\"wp-caption alignnone\"><img fetchpriority=\"high\" decoding=\"async\" class=\"size-medium wp-image-8924\" src=\"https:\/\/portal.fgeo.gob.mx\/wp-content\/uploads\/2025\/05\/Dise%C3%B1o-sin-t%C3%ADtulo-4-300x200.jpg\" alt=\"\" width=\"300\" height=\"200\" \/><figcaption id=\"caption-attachment-8924\" class=\"wp-caption-text\">Dise\u00f1o sin t\u00edtulo &#8211; 1<\/figcaption><\/figure>\n","protected":false},"author":2,"featured_media":8880,"comment_status":"closed","ping_status":"closed","template":"","tags":[],"categoria_noticias":[],"class_list":["post-16744","noticias","type-noticias","status-publish","has-post-thumbnail","hentry"],"acf":[],"mb":[],"mfb_rest_fields":["title","gutenberg_elementor_mode"],"_links":{"self":[{"href":"https:\/\/portal.fgeo.gob.mx\/index.php\/wp-json\/wp\/v2\/noticias\/16744","targetHints":{"allow":["GET"]}}],"collection":[{"href":"https:\/\/portal.fgeo.gob.mx\/index.php\/wp-json\/wp\/v2\/noticias"}],"about":[{"href":"https:\/\/portal.fgeo.gob.mx\/index.php\/wp-json\/wp\/v2\/types\/noticias"}],"author":[{"embeddable":true,"href":"https:\/\/portal.fgeo.gob.mx\/index.php\/wp-json\/wp\/v2\/users\/2"}],"replies":[{"embeddable":true,"href":"https:\/\/portal.fgeo.gob.mx\/index.php\/wp-json\/wp\/v2\/comments?post=16744"}],"wp:featuredmedia":[{"embeddable":true,"href":"https:\/\/portal.fgeo.gob.mx\/index.php\/wp-json\/"}],"wp:attachment":[{"href":"https:\/\/portal.fgeo.gob.mx\/index.php\/wp-json\/wp\/v2\/media?parent=16744"}],"wp:term":[{"taxonomy":"post_tag","embeddable":true,"href":"https:\/\/portal.fgeo.gob.mx\/index.php\/wp-json\/wp\/v2\/tags?post=16744"},{"taxonomy":"categoria_noticias","embeddable":true,"href":"https:\/\/portal.fgeo.gob.mx\/index.php\/wp-json\/wp\/v2\/categoria_noticias?post=16744"}],"curies":[{"name":"wp","href":"https:\/\/api.w.org\/{rel}","templated":true}]}}