{"id":16740,"date":"2025-05-06T16:14:18","date_gmt":"2025-05-06T22:14:18","guid":{"rendered":"https:\/\/fge.oaxaca.gob.mx\/?post_type=noticias&amp;p=8914"},"modified":"2025-05-06T16:14:18","modified_gmt":"2025-05-06T22:14:18","slug":"boletin-1436-fiscalia-de-oaxaca-detiene-a-una-persona-por-pornografia-infantil-delito-cometido-por-una-red-criminal-que-operaba-en-el-estado-de-chiapas","status":"publish","type":"noticias","link":"https:\/\/portal.fgeo.gob.mx\/index.php\/archivos\/noticias\/boletin-1436-fiscalia-de-oaxaca-detiene-a-una-persona-por-pornografia-infantil-delito-cometido-por-una-red-criminal-que-operaba-en-el-estado-de-chiapas","title":{"rendered":"BOLET\u00cdN 1,436.- Fiscal\u00eda de Oaxaca detiene a una persona por pornograf\u00eda infantil, delito cometido por una red criminal que operaba en el estado de Chiapas"},"content":{"rendered":"<p style=\"font-weight: 400\">* La FGEO colabor\u00f3 con la Fiscal\u00eda de Chiapas pues, la imputada, se refugiaba en Mat\u00edas Romero, en la regi\u00f3n del Istmo, donde fue localizada y detenida<\/p>\n<p style=\"font-weight: 400\">\u00a0<strong>Oaxaca de Ju\u00e1rez a 06 de mayo de 2025.-\u00a0<\/strong>Derivado de la colaboraci\u00f3n interinstitucional con la Fiscal\u00eda General del Estado de Chiapas, la\u00a0 Fiscal\u00eda General del Estado de Oaxaca (FGEO) logr\u00f3 la detenci\u00f3n de una persona del sexo femenino identificada como C.L.G., por el delito de pornograf\u00eda infantil en su modalidad de facilitar por cualquier medio a un menor, con o sin su consentimiento a realizar actos de exhibicionismo corporal y sexual con el objeto y finalidad de fotografiarlo con o sin el fin de obtener un lucro, delito cometido por un red criminal que operaba en el estado de Chiapas.<\/p>\n<p style=\"font-weight: 400\">La detenci\u00f3n fue realizada por elementos de la Agencia Estatal de Investigaciones y personal de la Vicefiscal\u00eda Regional del Istmo, en calles de Mat\u00edas Romero Avenda\u00f1o, lugar en el que fue ejecutada la orden de aprehensi\u00f3n en contra de la imputada.<\/p>\n<p style=\"font-weight: 400\">\u00a0Tras la detenci\u00f3n de la mujer identificada como C.L.G., la FGEO inici\u00f3 los tr\u00e1mites legales necesarios para que sea trasladada al estado de Chiapas, donde quedar\u00e1 a disposici\u00f3n de la autoridad ministerial correspondiente para que determine su situaci\u00f3n jur\u00eddica.<\/p>\n<p style=\"font-weight: 400\">\u00a0Los trabajos de colaboraci\u00f3n que realiza la Fiscal\u00eda de Oaxaca con otras instituciones de procuraci\u00f3n de justicia de otras entidades federativas permiten mejorar las acciones en favor de un pleno acceso a la justicia de las v\u00edctimas y contribuye a sancionar a quien o quienes resulten responsables de cometer conductas delictivas.<\/p>\n<p><img fetchpriority=\"high\" decoding=\"async\" class=\"size-medium wp-image-8915\" src=\"https:\/\/portal.fgeo.gob.mx\/wp-content\/uploads\/2025\/05\/Dise%C3%B1o-sin-t%C3%ADtulo-1-1-300x192.jpg\" alt=\"\" width=\"300\" height=\"192\" \/><\/p>\n","protected":false},"author":2,"featured_media":8880,"comment_status":"closed","ping_status":"closed","template":"","tags":[],"categoria_noticias":[],"class_list":["post-16740","noticias","type-noticias","status-publish","has-post-thumbnail","hentry"],"acf":[],"mb":[],"mfb_rest_fields":["title","gutenberg_elementor_mode"],"_links":{"self":[{"href":"https:\/\/portal.fgeo.gob.mx\/index.php\/wp-json\/wp\/v2\/noticias\/16740","targetHints":{"allow":["GET"]}}],"collection":[{"href":"https:\/\/portal.fgeo.gob.mx\/index.php\/wp-json\/wp\/v2\/noticias"}],"about":[{"href":"https:\/\/portal.fgeo.gob.mx\/index.php\/wp-json\/wp\/v2\/types\/noticias"}],"author":[{"embeddable":true,"href":"https:\/\/portal.fgeo.gob.mx\/index.php\/wp-json\/wp\/v2\/users\/2"}],"replies":[{"embeddable":true,"href":"https:\/\/portal.fgeo.gob.mx\/index.php\/wp-json\/wp\/v2\/comments?post=16740"}],"wp:featuredmedia":[{"embeddable":true,"href":"https:\/\/portal.fgeo.gob.mx\/index.php\/wp-json\/"}],"wp:attachment":[{"href":"https:\/\/portal.fgeo.gob.mx\/index.php\/wp-json\/wp\/v2\/media?parent=16740"}],"wp:term":[{"taxonomy":"post_tag","embeddable":true,"href":"https:\/\/portal.fgeo.gob.mx\/index.php\/wp-json\/wp\/v2\/tags?post=16740"},{"taxonomy":"categoria_noticias","embeddable":true,"href":"https:\/\/portal.fgeo.gob.mx\/index.php\/wp-json\/wp\/v2\/categoria_noticias?post=16740"}],"curies":[{"name":"wp","href":"https:\/\/api.w.org\/{rel}","templated":true}]}}