{"id":16739,"date":"2025-05-06T14:27:44","date_gmt":"2025-05-06T20:27:44","guid":{"rendered":"https:\/\/fge.oaxaca.gob.mx\/?post_type=noticias&amp;p=8912"},"modified":"2025-05-06T14:27:44","modified_gmt":"2025-05-06T20:27:44","slug":"boletin-1435-obtiene-fgeo-vinculacion-a-proceso-contra-una-mujer-por-incumplimiento-de-obligaciones-alimentarias-ocurrido-en-la-region-de-la-costa","status":"publish","type":"noticias","link":"https:\/\/portal.fgeo.gob.mx\/index.php\/archivos\/noticias\/boletin-1435-obtiene-fgeo-vinculacion-a-proceso-contra-una-mujer-por-incumplimiento-de-obligaciones-alimentarias-ocurrido-en-la-region-de-la-costa","title":{"rendered":"BOLET\u00cdN 1,435.- Obtiene FGEO vinculaci\u00f3n a proceso contra una mujer por incumplimiento de obligaciones alimentarias, ocurrido en la regi\u00f3n de la Costa"},"content":{"rendered":"<p style=\"font-weight: 400\"><strong>Oaxaca de Ju\u00e1rez a 06 de mayo de 2025.-\u00a0<\/strong>Como resultado de las investigaciones enfocadas en garantizar los derechos a una vida libre de violencia para las ni\u00f1as, ni\u00f1os, adolescentes y mujeres, la Fiscal\u00eda General del Estado de Oaxaca (FGEO) obtuvo auto de vinculaci\u00f3n a proceso en contra de una persona del sexo femenino identificada como R.S.R.R., por el delito incumplimiento de obligaciones alimentarias.<\/p>\n<p style=\"font-weight: 400\">De acuerdo con el expediente penal del caso, la detenida habr\u00eda incumplido con las obligaciones impuestas por un Juez Familiar quien fij\u00f3, desde el 18 de enero del 2024, un pago econ\u00f3mico por concepto de pensi\u00f3n alimentaria en favor de sus dos hijos menores de edad (cuyas identidades est\u00e1n reservadas por ley).<\/p>\n<p style=\"font-weight: 400\">Derivado de la omisi\u00f3n, la FGEO inici\u00f3 las investigaciones correspondientes a trav\u00e9s de la Vicefiscal\u00eda Regional de la Costa logrando obtener una orden de aprehensi\u00f3n y posteriormente, la detenci\u00f3n de R.S.R.R., quien qued\u00f3 a disposici\u00f3n de la autoridad que lo requiri\u00f3.<\/p>\n<p style=\"font-weight: 400\">En audiencia y derivado de la evaluaci\u00f3n de los datos de prueba aportados por la FGEO, el Juez dict\u00f3 auto de vinculaci\u00f3n a proceso en contra de R.S.R.R., por el delito de incumplimiento de obligaciones alimentarias e impuso la medida cautelar respectiva, adem\u00e1s de otorgar tres meses para el cierre de la investigaci\u00f3n complementaria.<\/p>\n<p style=\"font-weight: 400\">Para la Fiscal\u00eda General de Oaxaca, los trabajos de procuraci\u00f3n de justicia a favor de las ni\u00f1as, ni\u00f1os y adolescentes es una prioridad, por ello, reafirma su compromiso de realizar las labores necesarias para que este sector de la poblaci\u00f3n pueda acceder al ejercicio pleno de sus derechos humanos.<\/p>\n<figure id=\"attachment_8913\" aria-describedby=\"caption-attachment-8913\" style=\"width: 235px\" class=\"wp-caption alignnone\"><img fetchpriority=\"high\" decoding=\"async\" class=\"size-medium wp-image-8913\" src=\"https:\/\/portal.fgeo.gob.mx\/wp-content\/uploads\/2025\/05\/Dise%C3%B1o-sin-t%C3%ADtulo-2-235x300.jpg\" alt=\"\" width=\"235\" height=\"300\" \/><figcaption id=\"caption-attachment-8913\" class=\"wp-caption-text\">Dise\u00f1o sin t\u00edtulo &#8211; 1<\/figcaption><\/figure>\n","protected":false},"author":2,"featured_media":8880,"comment_status":"closed","ping_status":"closed","template":"","tags":[],"categoria_noticias":[],"class_list":["post-16739","noticias","type-noticias","status-publish","has-post-thumbnail","hentry"],"acf":[],"mb":[],"mfb_rest_fields":["title","gutenberg_elementor_mode"],"_links":{"self":[{"href":"https:\/\/portal.fgeo.gob.mx\/index.php\/wp-json\/wp\/v2\/noticias\/16739","targetHints":{"allow":["GET"]}}],"collection":[{"href":"https:\/\/portal.fgeo.gob.mx\/index.php\/wp-json\/wp\/v2\/noticias"}],"about":[{"href":"https:\/\/portal.fgeo.gob.mx\/index.php\/wp-json\/wp\/v2\/types\/noticias"}],"author":[{"embeddable":true,"href":"https:\/\/portal.fgeo.gob.mx\/index.php\/wp-json\/wp\/v2\/users\/2"}],"replies":[{"embeddable":true,"href":"https:\/\/portal.fgeo.gob.mx\/index.php\/wp-json\/wp\/v2\/comments?post=16739"}],"wp:featuredmedia":[{"embeddable":true,"href":"https:\/\/portal.fgeo.gob.mx\/index.php\/wp-json\/"}],"wp:attachment":[{"href":"https:\/\/portal.fgeo.gob.mx\/index.php\/wp-json\/wp\/v2\/media?parent=16739"}],"wp:term":[{"taxonomy":"post_tag","embeddable":true,"href":"https:\/\/portal.fgeo.gob.mx\/index.php\/wp-json\/wp\/v2\/tags?post=16739"},{"taxonomy":"categoria_noticias","embeddable":true,"href":"https:\/\/portal.fgeo.gob.mx\/index.php\/wp-json\/wp\/v2\/categoria_noticias?post=16739"}],"curies":[{"name":"wp","href":"https:\/\/api.w.org\/{rel}","templated":true}]}}