{"id":16737,"date":"2025-05-05T09:37:19","date_gmt":"2025-05-05T15:37:19","guid":{"rendered":"https:\/\/fge.oaxaca.gob.mx\/?post_type=noticias&amp;p=8905"},"modified":"2025-05-05T09:37:19","modified_gmt":"2025-05-05T15:37:19","slug":"boletin-1432-fiscalia-de-oaxaca-obtiene-sentencia-por-96-anos-de-prision-contra-responsable-de-feminicidio-de-adolescente-y-homicidio-de-un-bebe-cometidos-en-ejutla-de-crespo","status":"publish","type":"noticias","link":"https:\/\/portal.fgeo.gob.mx\/index.php\/archivos\/noticias\/boletin-1432-fiscalia-de-oaxaca-obtiene-sentencia-por-96-anos-de-prision-contra-responsable-de-feminicidio-de-adolescente-y-homicidio-de-un-bebe-cometidos-en-ejutla-de-crespo","title":{"rendered":"BOLET\u00cdN 1,432.- Fiscal\u00eda de Oaxaca obtiene sentencia por 96 a\u00f1os de prisi\u00f3n contra responsable de feminicidio de adolescente y homicidio de un beb\u00e9 cometidos en Ejutla de Crespo"},"content":{"rendered":"<p>&nbsp;<\/p>\n<p>* Los hechos ocurrieron en inmediaciones del cerro \u201cEl Mexicano\u201d, donde el sentenciado priv\u00f3 de la vida a la adolescente junto con su hijo, el 28 de junio de 2020<\/p>\n<p><strong>Oaxaca de Ju\u00e1rez a 05 de mayo de 2025.- <\/strong>Derivado del trabajo de investigaci\u00f3n ministerial que realiza la Fiscal\u00eda General del Estado de Oaxaca (FGEO) se obtuvieron dos sentencias condenatorias que suman un total de 96 a\u00f1os de prisi\u00f3n en contra de una persona del sexo masculino identificada como Jos\u00e9 Alberto R.R., responsable por la comisi\u00f3n de los delitos de feminicidio agravado y homicidio calificado, el primero de ellos cometido en agravio de una adolescente identificada como M.C.A.C., y el segundo en agravio de un menor de edad, hechos ocurridos en la regi\u00f3n de los Valles Centrales.<\/p>\n<p>De acuerdo a la causa penal del caso, los hechos se suscitaron el 28 de junio de 2020, cuando la adolescente M.C.A.C. (17 a\u00f1os de edad), se encontraba en compa\u00f1\u00eda de su hijo (10 meses de edad), en inmediaciones del cerro \u201cEl Mexicano\u201d, perteneciente a la Ciudad de Ejutla de Crespo, lugar al que arrib\u00f3 su ex pareja sentimental, Jos\u00e9 Alberto R.R., quien agredi\u00f3 f\u00edsicamente a ambas v\u00edctimas hasta terminar con su vida.<\/p>\n<p>La investigaci\u00f3n revela que, una vez cometido el delito, Jos\u00e9 Alberto R.R. prendi\u00f3 fuego a los cuerpos de las v\u00edctimas.<\/p>\n<p>Ante estos hechos, la Fiscal\u00eda de Oaxaca inici\u00f3 las investigaciones correspondientes a trav\u00e9s de la Vicefiscal\u00eda Regional de Valles Centrales, las cuales permitieron la detenci\u00f3n de Jos\u00e9 Alberto R.R., quien fue presentado ante la autoridad correspondiente.<\/p>\n<p>Tras el desahogo de pruebas aportadas por la FGEO y valoradas en audiencia, el Tribunal de Enjuiciamiento dict\u00f3 sentencia condenatoria de 30 a\u00f1os de prisi\u00f3n por el delito de homicidio calificado en agravio de A.A.C. y una pena de 66 a\u00f1os y 8 meses de prisi\u00f3n por el delito de feminicidio agravado en agravio de M.C.A.C., sentencias condenatorias que suman un total de 96 a\u00f1os y 8 meses de prisi\u00f3n, adem\u00e1s de imponer una multa y el pago por concepto de reparaci\u00f3n del da\u00f1o.<\/p>\n<p>La Fiscal\u00eda de Oaxaca ci\u00f1e su actuaci\u00f3n a las facultades que le otorga la ley para aplicar el C\u00f3digo Penal Vigente del Estado como base de los trabajos ministeriales para no permitir que los delitos queden impunes.<\/p>\n<p><img fetchpriority=\"high\" decoding=\"async\" class=\"alignnone size-medium wp-image-8906\" src=\"https:\/\/portal.fgeo.gob.mx\/wp-content\/uploads\/2025\/05\/WhatsApp-Image-2025-05-02-at-12.56.37-PM-300x225.jpeg\" alt=\"\" width=\"300\" height=\"225\" \/><\/p>\n","protected":false},"author":2,"featured_media":8880,"comment_status":"closed","ping_status":"closed","template":"","tags":[],"categoria_noticias":[],"class_list":["post-16737","noticias","type-noticias","status-publish","has-post-thumbnail","hentry"],"acf":[],"mb":[],"mfb_rest_fields":["title","gutenberg_elementor_mode"],"_links":{"self":[{"href":"https:\/\/portal.fgeo.gob.mx\/index.php\/wp-json\/wp\/v2\/noticias\/16737","targetHints":{"allow":["GET"]}}],"collection":[{"href":"https:\/\/portal.fgeo.gob.mx\/index.php\/wp-json\/wp\/v2\/noticias"}],"about":[{"href":"https:\/\/portal.fgeo.gob.mx\/index.php\/wp-json\/wp\/v2\/types\/noticias"}],"author":[{"embeddable":true,"href":"https:\/\/portal.fgeo.gob.mx\/index.php\/wp-json\/wp\/v2\/users\/2"}],"replies":[{"embeddable":true,"href":"https:\/\/portal.fgeo.gob.mx\/index.php\/wp-json\/wp\/v2\/comments?post=16737"}],"wp:featuredmedia":[{"embeddable":true,"href":"https:\/\/portal.fgeo.gob.mx\/index.php\/wp-json\/"}],"wp:attachment":[{"href":"https:\/\/portal.fgeo.gob.mx\/index.php\/wp-json\/wp\/v2\/media?parent=16737"}],"wp:term":[{"taxonomy":"post_tag","embeddable":true,"href":"https:\/\/portal.fgeo.gob.mx\/index.php\/wp-json\/wp\/v2\/tags?post=16737"},{"taxonomy":"categoria_noticias","embeddable":true,"href":"https:\/\/portal.fgeo.gob.mx\/index.php\/wp-json\/wp\/v2\/categoria_noticias?post=16737"}],"curies":[{"name":"wp","href":"https:\/\/api.w.org\/{rel}","templated":true}]}}