{"id":16735,"date":"2025-05-02T16:00:41","date_gmt":"2025-05-02T22:00:41","guid":{"rendered":"https:\/\/fge.oaxaca.gob.mx\/?post_type=noticias&amp;p=8896"},"modified":"2025-05-02T16:00:41","modified_gmt":"2025-05-02T22:00:41","slug":"boletin-1430-fiscalia-de-oaxaca-detiene-a-objetivo-prioritario-al-considerarlo-generador-de-violencia-en-salina-cruz-la-region-del-istmo-de-tehuantepec","status":"publish","type":"noticias","link":"https:\/\/portal.fgeo.gob.mx\/index.php\/archivos\/noticias\/boletin-1430-fiscalia-de-oaxaca-detiene-a-objetivo-prioritario-al-considerarlo-generador-de-violencia-en-salina-cruz-la-region-del-istmo-de-tehuantepec","title":{"rendered":"BOLET\u00cdN 1,430.- Fiscal\u00eda de Oaxaca detiene a objetivo prioritario al considerarlo generador de violencia en Salina Cruz, la regi\u00f3n del Istmo de Tehuantepec"},"content":{"rendered":"<p>* La detenci\u00f3n se logr\u00f3 derivado de un operativo coordinado entre la AEI, Secretar\u00eda de Marina y Polic\u00eda Municipal, ejecutaron orden de aprehensi\u00f3n por homicidio<\/p>\n<p><strong>Oaxaca de Ju\u00e1rez a 02 de mayo de 2025.- <\/strong>La Fiscal\u00eda General del Estado de Oaxaca (FGEO) ejecut\u00f3 una orden de aprehensi\u00f3n en contra de una persona del sexo masculino identificada como W.A.G., por el delito homicidio calificado y tentativa de homicidio, el primero cometido en agravio de S.E.P.H. y el segundo en agravio de J.G.R.S., hechos ocurridos en la regi\u00f3n del Istmo de Tehuantepec.<\/p>\n<p>De acuerdo con lo asentado en el expediente penal, los hechos ocurrieron el 13 de mayo de 2024, cuando las v\u00edctimas circulaban a bordo de una motocicleta sobre la carretera que conduce a la localidad de Ensenada La Ventosa, perteneciente al municipio de Salina Cruz, cuando fueron interceptados por un grupo de personas, quienes los agredieron con disparos de arma de fuego.<\/p>\n<p>En el lugar, S.E.P.H. perdi\u00f3 la vida como consecuencia de las lesiones que sufri\u00f3 durante la agresi\u00f3n, mientras que J.G.R.S., result\u00f3 con lesiones.<\/p>\n<p>Ante estos hechos, la Fiscal\u00eda General del Estado de Oaxaca, inici\u00f3 las investigaciones ministeriales, que permitieron obtener la orden de aprehensi\u00f3n en contra de W.A.G., la cual fue ejecutada durante un operativo coordinado entre por elementos de la Agencia Estatal de Investigaciones, Secretar\u00eda de Marina y la polic\u00eda municipal de Salina Cruz.<\/p>\n<p>Luego de la detenci\u00f3n, W.A.G., fue puesto a disposici\u00f3n de la autoridad correspondiente para resolver su situaci\u00f3n jur\u00eddica.<\/p>\n<p>Asimismo, es preciso se\u00f1alar que, W.A.G. es considerado un objetivo prioritario debido a que los trabajos ministeriales revelaron que ser\u00eda uno de los principales generadores de violencia en el municipio de Salina Cruz.<\/p>\n<p>La Fiscal\u00eda de Oaxaca ci\u00f1e su actuaci\u00f3n a las facultades que le otorga la ley para aplicar el C\u00f3digo Penal Vigente del Estado como base de los trabajos ministeriales para no permitir que los delitos queden impunes.<\/p>\n<p><img fetchpriority=\"high\" decoding=\"async\" class=\"size-medium wp-image-8897\" src=\"https:\/\/portal.fgeo.gob.mx\/wp-content\/uploads\/2025\/05\/Dise%C3%B1o-sin-t%C3%ADtulo-1-235x300.jpg\" alt=\"\" width=\"235\" height=\"300\" \/><\/p>\n","protected":false},"author":2,"featured_media":8880,"comment_status":"closed","ping_status":"closed","template":"","tags":[],"categoria_noticias":[],"class_list":["post-16735","noticias","type-noticias","status-publish","has-post-thumbnail","hentry"],"acf":[],"mb":[],"mfb_rest_fields":["title","gutenberg_elementor_mode"],"_links":{"self":[{"href":"https:\/\/portal.fgeo.gob.mx\/index.php\/wp-json\/wp\/v2\/noticias\/16735","targetHints":{"allow":["GET"]}}],"collection":[{"href":"https:\/\/portal.fgeo.gob.mx\/index.php\/wp-json\/wp\/v2\/noticias"}],"about":[{"href":"https:\/\/portal.fgeo.gob.mx\/index.php\/wp-json\/wp\/v2\/types\/noticias"}],"author":[{"embeddable":true,"href":"https:\/\/portal.fgeo.gob.mx\/index.php\/wp-json\/wp\/v2\/users\/2"}],"replies":[{"embeddable":true,"href":"https:\/\/portal.fgeo.gob.mx\/index.php\/wp-json\/wp\/v2\/comments?post=16735"}],"wp:featuredmedia":[{"embeddable":true,"href":"https:\/\/portal.fgeo.gob.mx\/index.php\/wp-json\/"}],"wp:attachment":[{"href":"https:\/\/portal.fgeo.gob.mx\/index.php\/wp-json\/wp\/v2\/media?parent=16735"}],"wp:term":[{"taxonomy":"post_tag","embeddable":true,"href":"https:\/\/portal.fgeo.gob.mx\/index.php\/wp-json\/wp\/v2\/tags?post=16735"},{"taxonomy":"categoria_noticias","embeddable":true,"href":"https:\/\/portal.fgeo.gob.mx\/index.php\/wp-json\/wp\/v2\/categoria_noticias?post=16735"}],"curies":[{"name":"wp","href":"https:\/\/api.w.org\/{rel}","templated":true}]}}