{"id":16733,"date":"2025-05-02T09:45:30","date_gmt":"2025-05-02T15:45:30","guid":{"rendered":"https:\/\/fge.oaxaca.gob.mx\/?post_type=noticias&amp;p=8888"},"modified":"2025-05-02T09:45:30","modified_gmt":"2025-05-02T15:45:30","slug":"boletin-1427-fgeo-ejecuta-orden-de-aprehension-contra-una-persona-por-incumplimiento-de-obligaciones-alimentarias-ocurrido-en-la-region-de-la-costa","status":"publish","type":"noticias","link":"https:\/\/portal.fgeo.gob.mx\/index.php\/archivos\/noticias\/boletin-1427-fgeo-ejecuta-orden-de-aprehension-contra-una-persona-por-incumplimiento-de-obligaciones-alimentarias-ocurrido-en-la-region-de-la-costa","title":{"rendered":"BOLET\u00cdN 1,427.- FGEO ejecuta orden de aprehensi\u00f3n contra una persona por incumplimiento de obligaciones alimentarias, ocurrido en la regi\u00f3n de la Costa"},"content":{"rendered":"<p style=\"font-weight: 400\"><strong>Oaxaca de Ju\u00e1rez a 02 de mayo de 2025.-\u00a0<\/strong>La Fiscal\u00eda General del Estado de Oaxaca (FGEO) ejecut\u00f3 una orden de aprehensi\u00f3n en contra de una persona del sexo masculino identificada como V.C.J., por el delito contra las obligaciones alimentarias en agravio de sus hijos.<\/p>\n<p style=\"font-weight: 400\">La detenci\u00f3n de V.C.J., se efectu\u00f3 en el Barrio La Cruz del municipio de San Gabriel Mixtepec por elementos de la Agencia Estatal de Investigaciones (AEI) del grupo de alto impacto de la Vicefiscal\u00eda Regional de la Costa y, deriva de una demanda iniciada el 27 de mayo de 2019 por incumplimiento en el pago econ\u00f3mico de pensi\u00f3n alimentaria en favor de sus dos hijos (cuyas identidades est\u00e1n reservadas por ley).<\/p>\n<p style=\"font-weight: 400\">Una vez detenido, V.C.J. fue presentado ante la autoridad que lo requiri\u00f3.<\/p>\n<p style=\"font-weight: 400\">Para la Fiscal\u00eda General de Oaxaca, los trabajos de procuraci\u00f3n de justicia a favor de las ni\u00f1as, ni\u00f1os y adolescentes es una prioridad, por ello, reafirma su compromiso de realizar las labores necesarias para que este sector de la poblaci\u00f3n pueda acceder al ejercicio pleno de sus derechos humanos.<\/p>\n<figure id=\"attachment_8889\" aria-describedby=\"caption-attachment-8889\" style=\"width: 300px\" class=\"wp-caption alignnone\"><img decoding=\"async\" class=\"size-medium wp-image-8889\" src=\"https:\/\/portal.fgeo.gob.mx\/wp-content\/uploads\/2025\/05\/Dise%C3%B1o-sin-t%C3%ADtulo-300x122.jpg\" alt=\"\" width=\"300\" height=\"122\" \/><figcaption id=\"caption-attachment-8889\" class=\"wp-caption-text\">Dise\u00f1o sin t\u00edtulo &#8211; 1<\/figcaption><\/figure>\n","protected":false},"author":2,"featured_media":8880,"comment_status":"closed","ping_status":"closed","template":"","tags":[],"categoria_noticias":[],"class_list":["post-16733","noticias","type-noticias","status-publish","has-post-thumbnail","hentry"],"acf":[],"mb":[],"mfb_rest_fields":["title","gutenberg_elementor_mode"],"_links":{"self":[{"href":"https:\/\/portal.fgeo.gob.mx\/index.php\/wp-json\/wp\/v2\/noticias\/16733","targetHints":{"allow":["GET"]}}],"collection":[{"href":"https:\/\/portal.fgeo.gob.mx\/index.php\/wp-json\/wp\/v2\/noticias"}],"about":[{"href":"https:\/\/portal.fgeo.gob.mx\/index.php\/wp-json\/wp\/v2\/types\/noticias"}],"author":[{"embeddable":true,"href":"https:\/\/portal.fgeo.gob.mx\/index.php\/wp-json\/wp\/v2\/users\/2"}],"replies":[{"embeddable":true,"href":"https:\/\/portal.fgeo.gob.mx\/index.php\/wp-json\/wp\/v2\/comments?post=16733"}],"wp:featuredmedia":[{"embeddable":true,"href":"https:\/\/portal.fgeo.gob.mx\/index.php\/wp-json\/"}],"wp:attachment":[{"href":"https:\/\/portal.fgeo.gob.mx\/index.php\/wp-json\/wp\/v2\/media?parent=16733"}],"wp:term":[{"taxonomy":"post_tag","embeddable":true,"href":"https:\/\/portal.fgeo.gob.mx\/index.php\/wp-json\/wp\/v2\/tags?post=16733"},{"taxonomy":"categoria_noticias","embeddable":true,"href":"https:\/\/portal.fgeo.gob.mx\/index.php\/wp-json\/wp\/v2\/categoria_noticias?post=16733"}],"curies":[{"name":"wp","href":"https:\/\/api.w.org\/{rel}","templated":true}]}}