{"id":16730,"date":"2025-04-30T10:12:54","date_gmt":"2025-04-30T16:12:54","guid":{"rendered":"https:\/\/fge.oaxaca.gob.mx\/?post_type=noticias&amp;p=8874"},"modified":"2025-04-30T10:12:54","modified_gmt":"2025-04-30T16:12:54","slug":"boletin-1423-obtiene-fiscalia-de-oaxaca-vinculacion-a-proceso-y-prision-contra-imputado-por-violacion-de-su-pareja-ocurrida-en-la-costa","status":"publish","type":"noticias","link":"https:\/\/portal.fgeo.gob.mx\/index.php\/archivos\/noticias\/boletin-1423-obtiene-fiscalia-de-oaxaca-vinculacion-a-proceso-y-prision-contra-imputado-por-violacion-de-su-pareja-ocurrida-en-la-costa","title":{"rendered":"BOLET\u00cdN 1423.-Obtiene Fiscal\u00eda de Oaxaca vinculaci\u00f3n a proceso y prisi\u00f3n contra imputado por violaci\u00f3n de su pareja ocurrida en la Costa"},"content":{"rendered":"<p>Oaxaca de Ju\u00e1rez a  30 de abril  de 2025. &#8211; Como resultado de las investigaciones enfocadas en garantizar los derechos a una vida libre de violencia para las mujeres, la Fiscal\u00eda General del Estado de Oaxaca (FGEO) obtuvo vinculaci\u00f3n a proceso y prisi\u00f3n preventiva en contra de un hombre identificado como \u00c1.J.G.R., imputado por el delito de Violaci\u00f3n en perjuicio de su pareja sentimental, en hechos cometidos en la regi\u00f3n la Costa.<\/p>\n<p>De acuerdo con el expediente penal del caso, los hechos ocurrieron en diferentes fechas de los meses de enero, febrero y marzo de 2025, cuando la v\u00edctima (una mujer cuya identidad est\u00e1 protegida por ley) se encontraba en un domicilio ubicado en el Barrio Punta Ba\u00f1ada perteneciente a Puerto \u00c1ngel en el municipio de San Pedro Pochutla, lugar donde fue agredida de manera f\u00edsica y sexualmente.<\/p>\n<p>Tras estos hechos y derivado de la denuncia interpuesta, la FGEO inici\u00f3 las investigaciones correspondientes a trav\u00e9s de la Fiscal\u00eda Especializada para la Atenci\u00f3n a Delitos Contra la Mujer por Raz\u00f3n de G\u00e9nero, logrando detener a \u00c1.J.G.R., quien qued\u00f3 a disposici\u00f3n de la autoridad que lo requiri\u00f3.<\/p>\n<p>En audiencia y derivado de la evaluaci\u00f3n de los datos de prueba aportados por la FGEO, el Juez dict\u00f3 auto de vinculaci\u00f3n a proceso en contra de \u00c1.J.G.R por el delito de violaci\u00f3n e impuso la medida cautelar de prisi\u00f3n preventiva justificada adem\u00e1s de otorgar tres meses para el cierre de la investigaci\u00f3n complementaria.<\/p>\n<p>La Fiscal\u00eda de Oaxaca prioriza las investigaciones relacionadas con delitos cometidos contra mujeres, para presentar ante la justicia a los responsables a fin de garantizar el derecho a una vida libre de violencia.<\/p>\n<p><img fetchpriority=\"high\" decoding=\"async\" src=\"https:\/\/portal.fgeo.gob.mx\/wp-content\/uploads\/2025\/04\/IMAGEN-BOLET%C3%8DN-1423-300x251.png\" alt=\"\" width=\"300\" height=\"251\" class=\"alignnone size-medium wp-image-8875\" \/><\/p>\n","protected":false},"author":2,"featured_media":8773,"comment_status":"closed","ping_status":"closed","template":"","tags":[],"categoria_noticias":[],"class_list":["post-16730","noticias","type-noticias","status-publish","has-post-thumbnail","hentry"],"acf":[],"mb":[],"mfb_rest_fields":["title","gutenberg_elementor_mode"],"_links":{"self":[{"href":"https:\/\/portal.fgeo.gob.mx\/index.php\/wp-json\/wp\/v2\/noticias\/16730","targetHints":{"allow":["GET"]}}],"collection":[{"href":"https:\/\/portal.fgeo.gob.mx\/index.php\/wp-json\/wp\/v2\/noticias"}],"about":[{"href":"https:\/\/portal.fgeo.gob.mx\/index.php\/wp-json\/wp\/v2\/types\/noticias"}],"author":[{"embeddable":true,"href":"https:\/\/portal.fgeo.gob.mx\/index.php\/wp-json\/wp\/v2\/users\/2"}],"replies":[{"embeddable":true,"href":"https:\/\/portal.fgeo.gob.mx\/index.php\/wp-json\/wp\/v2\/comments?post=16730"}],"wp:featuredmedia":[{"embeddable":true,"href":"https:\/\/portal.fgeo.gob.mx\/index.php\/wp-json\/"}],"wp:attachment":[{"href":"https:\/\/portal.fgeo.gob.mx\/index.php\/wp-json\/wp\/v2\/media?parent=16730"}],"wp:term":[{"taxonomy":"post_tag","embeddable":true,"href":"https:\/\/portal.fgeo.gob.mx\/index.php\/wp-json\/wp\/v2\/tags?post=16730"},{"taxonomy":"categoria_noticias","embeddable":true,"href":"https:\/\/portal.fgeo.gob.mx\/index.php\/wp-json\/wp\/v2\/categoria_noticias?post=16730"}],"curies":[{"name":"wp","href":"https:\/\/api.w.org\/{rel}","templated":true}]}}