{"id":16728,"date":"2025-04-29T13:12:17","date_gmt":"2025-04-29T19:12:17","guid":{"rendered":"https:\/\/fge.oaxaca.gob.mx\/?post_type=noticias&amp;p=8868"},"modified":"2025-04-29T13:12:17","modified_gmt":"2025-04-29T19:12:17","slug":"boletin-1421-obtiene-fiscalia-de-oaxaca-vinculacion-a-proceso-contra-dos-personas-detenidas-durante-cateo-por-narcomenudeo-en-miahuatlan-de-porfirio-diaz","status":"publish","type":"noticias","link":"https:\/\/portal.fgeo.gob.mx\/index.php\/archivos\/noticias\/boletin-1421-obtiene-fiscalia-de-oaxaca-vinculacion-a-proceso-contra-dos-personas-detenidas-durante-cateo-por-narcomenudeo-en-miahuatlan-de-porfirio-diaz","title":{"rendered":"BOLET\u00cdN 1,421.- Obtiene Fiscal\u00eda de Oaxaca vinculaci\u00f3n a proceso contra dos personas detenidas durante cateo por narcomenudeo, en Miahuatl\u00e1n de Porfirio D\u00edaz"},"content":{"rendered":"<p style=\"font-weight: 400\"><strong>Oaxaca de Ju\u00e1rez a 29 de abril de 2025.-\u00a0<\/strong>Como parte de las acciones de combate a delitos de alto impacto, la Fiscal\u00eda General del Estado de Oaxaca (FGEO) obtuvo auto de vinculaci\u00f3n a proceso en contra de dos personas, una del sexo masculino identificado como I.C.N., y una mujer identificada como G.I.O.L., por el delito contra la salud en su modalidad de narcomenudeo en su hip\u00f3tesis de posesi\u00f3n simple, cometido en la Sierra Sur del estado de Oaxaca.<\/p>\n<p style=\"font-weight: 400\">De acuerdo con la investigaci\u00f3n penal, I.C.N. y G.I.O.L. fueron detenidos derivado de la ejecuci\u00f3n de una orden de cateo, operativo a cargo de elementos de la Agencia Estatal de Investigaciones (AEI) adscritos a la Vicefiscal\u00eda Regional de Valles Centrales en un domicilio ubicado en el barrio San Isidro del municipio de Miahuatl\u00e1n de Porfirio D\u00edaz, movilizaci\u00f3n en la que aseguraron diversas dosis de drogas conocidas como coca\u00edna, cristal, hero\u00edna y marihuana, as\u00ed como b\u00e1sculas grameras y un arma de fuego, las cuales quedaron a disposici\u00f3n de la autoridad competente.<\/p>\n<p style=\"font-weight: 400\">En audiencia, el Juez de Control, valor\u00f3 los datos aportados y calific\u00f3 como legal la detenci\u00f3n de I.C.N. y G.I.O.L., dictando auto de vinculaci\u00f3n a proceso por el delito contra la salud en su modalidad de narcomenudeo en su hip\u00f3tesis de posesi\u00f3n simple.<\/p>\n<p style=\"font-weight: 400\">La Fiscal\u00eda de Oaxaca refrenda su compromiso de seguir trabajando para combatir este tipo de delitos que atentan contra el bienestar de la sociedad oaxaque\u00f1a.<\/p>\n<figure id=\"attachment_8869\" aria-describedby=\"caption-attachment-8869\" style=\"width: 300px\" class=\"wp-caption alignnone\"><img decoding=\"async\" class=\"size-medium wp-image-8869\" src=\"https:\/\/portal.fgeo.gob.mx\/wp-content\/uploads\/2025\/04\/Dise%C3%B1o-sin-t%C3%ADtulo-19-300x116.jpg\" alt=\"\" width=\"300\" height=\"116\" \/><figcaption id=\"caption-attachment-8869\" class=\"wp-caption-text\">Dise\u00f1o sin t\u00edtulo &#8211; 1<\/figcaption><\/figure>\n","protected":false},"author":2,"featured_media":8773,"comment_status":"closed","ping_status":"closed","template":"","tags":[],"categoria_noticias":[],"class_list":["post-16728","noticias","type-noticias","status-publish","has-post-thumbnail","hentry"],"acf":[],"mb":[],"mfb_rest_fields":["title","gutenberg_elementor_mode"],"_links":{"self":[{"href":"https:\/\/portal.fgeo.gob.mx\/index.php\/wp-json\/wp\/v2\/noticias\/16728","targetHints":{"allow":["GET"]}}],"collection":[{"href":"https:\/\/portal.fgeo.gob.mx\/index.php\/wp-json\/wp\/v2\/noticias"}],"about":[{"href":"https:\/\/portal.fgeo.gob.mx\/index.php\/wp-json\/wp\/v2\/types\/noticias"}],"author":[{"embeddable":true,"href":"https:\/\/portal.fgeo.gob.mx\/index.php\/wp-json\/wp\/v2\/users\/2"}],"replies":[{"embeddable":true,"href":"https:\/\/portal.fgeo.gob.mx\/index.php\/wp-json\/wp\/v2\/comments?post=16728"}],"wp:featuredmedia":[{"embeddable":true,"href":"https:\/\/portal.fgeo.gob.mx\/index.php\/wp-json\/"}],"wp:attachment":[{"href":"https:\/\/portal.fgeo.gob.mx\/index.php\/wp-json\/wp\/v2\/media?parent=16728"}],"wp:term":[{"taxonomy":"post_tag","embeddable":true,"href":"https:\/\/portal.fgeo.gob.mx\/index.php\/wp-json\/wp\/v2\/tags?post=16728"},{"taxonomy":"categoria_noticias","embeddable":true,"href":"https:\/\/portal.fgeo.gob.mx\/index.php\/wp-json\/wp\/v2\/categoria_noticias?post=16728"}],"curies":[{"name":"wp","href":"https:\/\/api.w.org\/{rel}","templated":true}]}}