{"id":16727,"date":"2025-04-29T10:17:11","date_gmt":"2025-04-29T16:17:11","guid":{"rendered":"https:\/\/fge.oaxaca.gob.mx\/?post_type=noticias&amp;p=8867"},"modified":"2025-04-29T10:17:11","modified_gmt":"2025-04-29T16:17:11","slug":"boletin-1420-fiscalia-de-oaxaca-obtiene-sentencia-condenatoria-de-300-anos-de-prision-en-contra-de-ex-secretario-municipal-de-san-francisco-jayacaxtepec-por-desaparicion-forzada-agravada","status":"publish","type":"noticias","link":"https:\/\/portal.fgeo.gob.mx\/index.php\/archivos\/noticias\/boletin-1420-fiscalia-de-oaxaca-obtiene-sentencia-condenatoria-de-300-anos-de-prision-en-contra-de-ex-secretario-municipal-de-san-francisco-jayacaxtepec-por-desaparicion-forzada-agravada","title":{"rendered":"BOLET\u00cdN 1,420.- Fiscal\u00eda de Oaxaca obtiene sentencia condenatoria de 300 a\u00f1os de prisi\u00f3n en contra de ex secretario municipal de San Francisco Jayacaxtepec, por desaparici\u00f3n forzada agravada"},"content":{"rendered":"<p><strong>Oaxaca de Ju\u00e1rez a 29 de abril de 2025.- <\/strong>La Fiscal\u00eda General del Estado de Oaxaca (FGEO) obtuvo sentencia condenatoria de 300 a\u00f1os de prisi\u00f3n contra una persona del sexo masculino identificada como H.M.G., responsable del delito de desaparici\u00f3n forzada agravada, en agravio de cinco personas, cometido en 2017, en jurisdicci\u00f3n de Totontepec Villa de Morelos, en el Distrito Mixe.<\/p>\n<p>De acuerdo con la causa penal del caso, los hechos ocurrieron el 28 de enero de 2017, cuando las v\u00edctimas identificadas como L.A.A.F., A.A.A., F.F.V., H.M.M. y V.M.M., fueron detenidas y trasladadas a la c\u00e1rcel municipal por autoridades municipales de la Agencia de San Francisco Jayacaxtepec, perteneciente al referido municipio, entre quienes se encontraba el hoy sentenciado H.M.G., momento en que fung\u00eda como secretario municipal en el periodo en que ocurrieron los hechos.<\/p>\n<p>La investigaci\u00f3n revela que, las autoridades omitieron informaci\u00f3n de las v\u00edctimas, quienes fueron encontradas sin vida el 03 de abril de 2017.<\/p>\n<p>Ante estos hechos, la Instituci\u00f3n de procuraci\u00f3n de justicia atrajo la investigaci\u00f3n -a trav\u00e9s de la Vicefiscal\u00eda de Atenci\u00f3n a V\u00edctimas y a la Sociedad-, logrando aprehender y presentar a H.M.G. ante la autoridad competente para su proceso legal.<\/p>\n<p>Tras el desahogo de pruebas aportadas por la Fiscal\u00eda General de Oaxaca y valoradas en audiencia, el Tribunal de Enjuiciamiento que atiende la causa dict\u00f3 sentencia condenatoria de 300 a\u00f1os de prisi\u00f3n en contra de H.M.G., por su responsabilidad en el delito de desaparici\u00f3n forzada agravada, adem\u00e1s de imponer el pago de una multa y la reparaci\u00f3n del da\u00f1o de manera abstracta por cada v\u00edctima.<\/p>\n<p>Para la Fiscal\u00eda de Oaxaca, el empleo de protocolos y la aplicaci\u00f3n de t\u00e9cnicas cient\u00edficas e investigaciones de cr\u00edmenes, permiten tener certeza en los trabajos de procuraci\u00f3n de justicia en el estado.<\/p>\n<p>&nbsp;<\/p>\n","protected":false},"author":2,"featured_media":8773,"comment_status":"closed","ping_status":"closed","template":"","tags":[],"categoria_noticias":[],"class_list":["post-16727","noticias","type-noticias","status-publish","has-post-thumbnail","hentry"],"acf":[],"mb":[],"mfb_rest_fields":["title","gutenberg_elementor_mode"],"_links":{"self":[{"href":"https:\/\/portal.fgeo.gob.mx\/index.php\/wp-json\/wp\/v2\/noticias\/16727","targetHints":{"allow":["GET"]}}],"collection":[{"href":"https:\/\/portal.fgeo.gob.mx\/index.php\/wp-json\/wp\/v2\/noticias"}],"about":[{"href":"https:\/\/portal.fgeo.gob.mx\/index.php\/wp-json\/wp\/v2\/types\/noticias"}],"author":[{"embeddable":true,"href":"https:\/\/portal.fgeo.gob.mx\/index.php\/wp-json\/wp\/v2\/users\/2"}],"replies":[{"embeddable":true,"href":"https:\/\/portal.fgeo.gob.mx\/index.php\/wp-json\/wp\/v2\/comments?post=16727"}],"wp:featuredmedia":[{"embeddable":true,"href":"https:\/\/portal.fgeo.gob.mx\/index.php\/wp-json\/"}],"wp:attachment":[{"href":"https:\/\/portal.fgeo.gob.mx\/index.php\/wp-json\/wp\/v2\/media?parent=16727"}],"wp:term":[{"taxonomy":"post_tag","embeddable":true,"href":"https:\/\/portal.fgeo.gob.mx\/index.php\/wp-json\/wp\/v2\/tags?post=16727"},{"taxonomy":"categoria_noticias","embeddable":true,"href":"https:\/\/portal.fgeo.gob.mx\/index.php\/wp-json\/wp\/v2\/categoria_noticias?post=16727"}],"curies":[{"name":"wp","href":"https:\/\/api.w.org\/{rel}","templated":true}]}}