{"id":16725,"date":"2025-04-28T14:00:45","date_gmt":"2025-04-28T20:00:45","guid":{"rendered":"https:\/\/fge.oaxaca.gob.mx\/?post_type=noticias&amp;p=8863"},"modified":"2025-04-28T14:00:45","modified_gmt":"2025-04-28T20:00:45","slug":"boletin-1418-cumplimenta-fiscalia-de-oaxaca-orden-de-aprehension-contra-sujeto-por-el-delito-de-violacion-cometido-en-la-cuenca","status":"publish","type":"noticias","link":"https:\/\/portal.fgeo.gob.mx\/index.php\/archivos\/noticias\/boletin-1418-cumplimenta-fiscalia-de-oaxaca-orden-de-aprehension-contra-sujeto-por-el-delito-de-violacion-cometido-en-la-cuenca","title":{"rendered":"BOLET\u00cdN 1,418.- Cumplimenta Fiscal\u00eda de Oaxaca orden de aprehensi\u00f3n contra sujeto por el delito de violaci\u00f3n cometido en la Cuenca"},"content":{"rendered":"<p style=\"font-weight: 400\"><strong>Oaxaca de Ju\u00e1rez a 28 de abril de 2025.-\u00a0<\/strong>La Fiscal\u00eda General del Estado de Oaxaca ejecut\u00f3 una orden de aprehensi\u00f3n contra una persona del sexo masculino identificado como D.C.R., por el delito de violaci\u00f3n, cometida en marzo de 2022, en la regi\u00f3n de la Cuenca del Papaloapan.<\/p>\n<p style=\"font-weight: 400\">De acuerdo a las investigaciones, los hechos ocurrieron cuando la v\u00edctima (cuya identidad est\u00e1 reservada por ley) ten\u00eda 15 a\u00f1os de edad y se encontraba en un domicilio ubicado en el barrio las Flores del municipio de Loma Bonita, distrito de Tuxtepec, donde fue agredida.<\/p>\n<p style=\"font-weight: 400\">Ante estos hechos, la Fiscal\u00eda de Oaxaca inici\u00f3 las investigaciones a trav\u00e9s de la Vicefiscal\u00eda Regional de la Cuenca y, derivado de los resultados, obtuvo una orden de aprehensi\u00f3n, mandato judicial al que se le dio cumplimiento durante un operativo encabezado por elementos de la Agencia Estatal de Investigaciones (AEI) que lograron la ubicaci\u00f3n y detenci\u00f3n de D.C.R., quien fue puesto a disposici\u00f3n de la autoridad que lo requiri\u00f3.<\/p>\n<p style=\"font-weight: 400\">La Fiscal\u00eda del Estado de Oaxaca refrenda su compromiso de brindar una atenci\u00f3n integral y efectiva a las v\u00edctimas, especialmente cuando se trata de delitos cometidos en contra de ni\u00f1as, ni\u00f1os y adolescentes a efecto de garantizar el derecho a tener una vida libre de violencia.<\/p>\n<p><img fetchpriority=\"high\" decoding=\"async\" class=\"size-medium wp-image-8864\" src=\"https:\/\/portal.fgeo.gob.mx\/wp-content\/uploads\/2025\/04\/Dise%C3%B1o-sin-t%C3%ADtulo-18-246x300.jpg\" alt=\"\" width=\"246\" height=\"300\" \/><\/p>\n<p style=\"font-weight: 400\">\n","protected":false},"author":2,"featured_media":8773,"comment_status":"closed","ping_status":"closed","template":"","tags":[],"categoria_noticias":[],"class_list":["post-16725","noticias","type-noticias","status-publish","has-post-thumbnail","hentry"],"acf":[],"mb":[],"mfb_rest_fields":["title","gutenberg_elementor_mode"],"_links":{"self":[{"href":"https:\/\/portal.fgeo.gob.mx\/index.php\/wp-json\/wp\/v2\/noticias\/16725","targetHints":{"allow":["GET"]}}],"collection":[{"href":"https:\/\/portal.fgeo.gob.mx\/index.php\/wp-json\/wp\/v2\/noticias"}],"about":[{"href":"https:\/\/portal.fgeo.gob.mx\/index.php\/wp-json\/wp\/v2\/types\/noticias"}],"author":[{"embeddable":true,"href":"https:\/\/portal.fgeo.gob.mx\/index.php\/wp-json\/wp\/v2\/users\/2"}],"replies":[{"embeddable":true,"href":"https:\/\/portal.fgeo.gob.mx\/index.php\/wp-json\/wp\/v2\/comments?post=16725"}],"wp:featuredmedia":[{"embeddable":true,"href":"https:\/\/portal.fgeo.gob.mx\/index.php\/wp-json\/"}],"wp:attachment":[{"href":"https:\/\/portal.fgeo.gob.mx\/index.php\/wp-json\/wp\/v2\/media?parent=16725"}],"wp:term":[{"taxonomy":"post_tag","embeddable":true,"href":"https:\/\/portal.fgeo.gob.mx\/index.php\/wp-json\/wp\/v2\/tags?post=16725"},{"taxonomy":"categoria_noticias","embeddable":true,"href":"https:\/\/portal.fgeo.gob.mx\/index.php\/wp-json\/wp\/v2\/categoria_noticias?post=16725"}],"curies":[{"name":"wp","href":"https:\/\/api.w.org\/{rel}","templated":true}]}}