{"id":16723,"date":"2025-04-27T16:01:14","date_gmt":"2025-04-27T22:01:14","guid":{"rendered":"https:\/\/fge.oaxaca.gob.mx\/?post_type=noticias&amp;p=8853"},"modified":"2025-04-27T16:01:14","modified_gmt":"2025-04-27T22:01:14","slug":"fiscalia-de-oaxaca-obtiene-vinculacion-a-proceso-y-prision-contra-dos-personas-detenidas-por-robo-a-casa-habitacion-cometido-en-trinidad-de-viguera-en-la-capital","status":"publish","type":"noticias","link":"https:\/\/portal.fgeo.gob.mx\/index.php\/archivos\/noticias\/fiscalia-de-oaxaca-obtiene-vinculacion-a-proceso-y-prision-contra-dos-personas-detenidas-por-robo-a-casa-habitacion-cometido-en-trinidad-de-viguera-en-la-capital","title":{"rendered":"BOLET\u00cdN 1,416.- Fiscal\u00eda de Oaxaca obtiene vinculaci\u00f3n a proceso y prisi\u00f3n contra dos personas detenidas por robo a casa habitaci\u00f3n cometido en Trinidad de Viguera, en la capital"},"content":{"rendered":"<p style=\"font-weight: 400\">* _ Formaban parte de una banda originaria del estado de Veracruz, que operaba en los Valles Centrales_<\/p>\n<p style=\"font-weight: 400\"><strong>Oaxaca de Ju\u00e1rez a 27 de abril de 2025.-\u00a0<\/strong>La Fiscal\u00eda General del Estado de Oaxaca (FGEO) obtuvo auto de vinculaci\u00f3n a proceso en contra de a dos personas del sexo masculino originarias de Veracruz e identificadas como C.B.S. y U.H.M., por los delitos de Robo a Casa Habitaci\u00f3n Calificada Con Violencia F\u00edsica y Moral, Privaci\u00f3n Ilegal de la Libertad Y Privaci\u00f3n de Vida a Animal Vertebrado cometidos en la regi\u00f3n de los Valles Centrales.<\/p>\n<p style=\"font-weight: 400\">De acuerdo con el expediente penal del caso, se estableci\u00f3 que el 17 de abril de 2025, un grupo de personas ingres\u00f3 a una vivienda localizada en Trinidad de Viguera, agencia perteneciente al municipio de Oaxaca de Ju\u00e1rez.<\/p>\n<p style=\"font-weight: 400\">En el domicilio particular le quitaron la vida a un perro y agredieron a golpes a una de las v\u00edctimas, momento en que pidieron auxilio, ante lo cual respondieron elementos de la Polic\u00eda Municipal de la capital, acci\u00f3n con la que se logr\u00f3 la detenci\u00f3n de C.B.S. y U.H.M.<\/p>\n<p style=\"font-weight: 400\">La Fiscal\u00eda de Oaxaca intervino a trav\u00e9s de la Vicefical\u00eda Regional de Valles Centrales, que realiz\u00f3 las investigaciones correspondientes gracias a las cuales aport\u00f3 las pruebas suficientes, derivado de las cuales, el Juez que atiende la causa dict\u00f3 auto de vinculaci\u00f3n a proceso en contra de C.B.S. y U.H.M., por los delitos de Robo a Casa Habitaci\u00f3n Calificada Con Violencia F\u00edsica y Moral, Privaci\u00f3n Ilegal de la Libertad Y Privaci\u00f3n de Vida a Animal Vertebrado, adem\u00e1s que impuso la medida cautelar de prisi\u00f3n preventiva.<\/p>\n<p style=\"font-weight: 400\">Adem\u00e1s, las indagatorias permitieron saber que las dos personas detenidas, formaban parte de una banda originaria del estado de Veracruz, que operaba en los Valles Centrales de Oaxaca y presumiblemente se dedicaba al robo de casa habitaci\u00f3n, por lo que se profundiza en los trabajos ministeriales para saber si tienen relaci\u00f3n con otros hechos delictivos similares.<\/p>\n<p style=\"font-weight: 400\">La Fiscal\u00eda de Oaxaca lleva a cabo investigaciones eficaces para llevar ante la justicia a quien o quienes de delitos que atenten contra el patrimonio de las oaxaque\u00f1as y oaxaque\u00f1os.\u00a0<img fetchpriority=\"high\" decoding=\"async\" class=\"alignnone size-medium wp-image-8854\" src=\"https:\/\/portal.fgeo.gob.mx\/wp-content\/uploads\/2025\/04\/WhatsApp-Image-2025-04-27-at-2.52.58-PM-169x300.jpeg\" alt=\"\" width=\"169\" height=\"300\" \/> <img decoding=\"async\" class=\"alignnone size-medium wp-image-8855\" src=\"https:\/\/portal.fgeo.gob.mx\/wp-content\/uploads\/2025\/04\/WhatsApp-Image-2025-04-27-at-2.52.57-PM-169x300.jpeg\" alt=\"\" width=\"169\" height=\"300\" \/><\/p>\n","protected":false},"author":2,"featured_media":8773,"comment_status":"closed","ping_status":"closed","template":"","tags":[],"categoria_noticias":[],"class_list":["post-16723","noticias","type-noticias","status-publish","has-post-thumbnail","hentry"],"acf":[],"mb":[],"mfb_rest_fields":["title","gutenberg_elementor_mode"],"_links":{"self":[{"href":"https:\/\/portal.fgeo.gob.mx\/index.php\/wp-json\/wp\/v2\/noticias\/16723","targetHints":{"allow":["GET"]}}],"collection":[{"href":"https:\/\/portal.fgeo.gob.mx\/index.php\/wp-json\/wp\/v2\/noticias"}],"about":[{"href":"https:\/\/portal.fgeo.gob.mx\/index.php\/wp-json\/wp\/v2\/types\/noticias"}],"author":[{"embeddable":true,"href":"https:\/\/portal.fgeo.gob.mx\/index.php\/wp-json\/wp\/v2\/users\/2"}],"replies":[{"embeddable":true,"href":"https:\/\/portal.fgeo.gob.mx\/index.php\/wp-json\/wp\/v2\/comments?post=16723"}],"wp:featuredmedia":[{"embeddable":true,"href":"https:\/\/portal.fgeo.gob.mx\/index.php\/wp-json\/"}],"wp:attachment":[{"href":"https:\/\/portal.fgeo.gob.mx\/index.php\/wp-json\/wp\/v2\/media?parent=16723"}],"wp:term":[{"taxonomy":"post_tag","embeddable":true,"href":"https:\/\/portal.fgeo.gob.mx\/index.php\/wp-json\/wp\/v2\/tags?post=16723"},{"taxonomy":"categoria_noticias","embeddable":true,"href":"https:\/\/portal.fgeo.gob.mx\/index.php\/wp-json\/wp\/v2\/categoria_noticias?post=16723"}],"curies":[{"name":"wp","href":"https:\/\/api.w.org\/{rel}","templated":true}]}}