{"id":16721,"date":"2025-04-25T09:45:32","date_gmt":"2025-04-25T15:45:32","guid":{"rendered":"https:\/\/fge.oaxaca.gob.mx\/?post_type=noticias&amp;p=8847"},"modified":"2025-04-25T09:45:32","modified_gmt":"2025-04-25T15:45:32","slug":"boletin-1413-fiscalia-de-oaxaca-logra-vinculacion-a-proceso-por-homicidio-calificado-cometido-en-cancha-deportiva-de-corralero-en-la-costa","status":"publish","type":"noticias","link":"https:\/\/portal.fgeo.gob.mx\/index.php\/archivos\/noticias\/boletin-1413-fiscalia-de-oaxaca-logra-vinculacion-a-proceso-por-homicidio-calificado-cometido-en-cancha-deportiva-de-corralero-en-la-costa","title":{"rendered":"BOLET\u00cdN 1,413.- Fiscal\u00eda de Oaxaca logra vinculaci\u00f3n a proceso por homicidio calificado cometido en cancha deportiva de Corralero, en la Costa"},"content":{"rendered":"<p style=\"font-weight: 400\"><strong>Oaxaca de Ju\u00e1rez a 25 de abril de 2025.-\u00a0<\/strong>Derivado de trabajos de investigaci\u00f3n e inteligencia criminal, la Fiscal\u00eda General del Estado de Oaxaca (FGEO) obtuvo la vinculaci\u00f3n a proceso en contra de una persona del sexo masculino identificado como G.M.G. por el delito de homicidio calificado con ventaja, hechos ocurridos en la regi\u00f3n de la Costa.<\/p>\n<p style=\"font-weight: 400\">De acuerdo con la carpeta de investigaci\u00f3n, los hechos ocurrieron el 22 de febrero de 2025, cuando la v\u00edctima -identificada como J.L.V.C.- se encontraba en la cancha deportiva de la agencia de municipal de Corralero, Pinotepa Nacional, lugar en el que despu\u00e9s de tener una discusi\u00f3n fue agredido con un arma de fuego, sufriendo heridas que provocaron que perdiera la vida.<\/p>\n<p style=\"font-weight: 400\">La Fiscal\u00eda de Oaxaca inici\u00f3 las investigaciones correspondientes a trav\u00e9s de la Vicefiscal\u00eda Regional de la Costa, la cual aport\u00f3 las pruebas necesarias que permitieron obtener y ejecutar la orden de aprehensi\u00f3n en contra de G.M.G., quien qued\u00f3 a disposici\u00f3n de la autoridad correspondiente.<\/p>\n<p style=\"font-weight: 400\">En audiencia el Juez de la causa, luego de evaluar las pruebas presentadas por la FGEO determin\u00f3 vincular a proceso a G.M.G.\u00a0 por el delito de homicidio calificado con ventaja, adem\u00e1s de imponer la medida de prisi\u00f3n preventiva y otorgar tres meses para el cierre de la investigaci\u00f3n complementaria.<\/p>\n<p style=\"font-weight: 400\">\u00a0La Fiscal\u00eda General de Oaxaca, aplica protocolos y t\u00e9cnicas cient\u00edficas en las investigaciones en los procesos para esclarecer delitos de alto impacto pues, esto permite brindar certeza de los trabajos de procuraci\u00f3n de justicia en el estado.<\/p>\n<p style=\"font-weight: 400\">\u00a0<img fetchpriority=\"high\" decoding=\"async\" class=\"alignnone size-medium wp-image-8848\" src=\"https:\/\/portal.fgeo.gob.mx\/wp-content\/uploads\/2025\/04\/WhatsApp-Image-2025-04-23-at-12.36.15-PM-300x209.jpeg\" alt=\"\" width=\"300\" height=\"209\" \/><\/p>\n","protected":false},"author":2,"featured_media":8773,"comment_status":"closed","ping_status":"closed","template":"","tags":[],"categoria_noticias":[],"class_list":["post-16721","noticias","type-noticias","status-publish","has-post-thumbnail","hentry"],"acf":[],"mb":[],"mfb_rest_fields":["title","gutenberg_elementor_mode"],"_links":{"self":[{"href":"https:\/\/portal.fgeo.gob.mx\/index.php\/wp-json\/wp\/v2\/noticias\/16721","targetHints":{"allow":["GET"]}}],"collection":[{"href":"https:\/\/portal.fgeo.gob.mx\/index.php\/wp-json\/wp\/v2\/noticias"}],"about":[{"href":"https:\/\/portal.fgeo.gob.mx\/index.php\/wp-json\/wp\/v2\/types\/noticias"}],"author":[{"embeddable":true,"href":"https:\/\/portal.fgeo.gob.mx\/index.php\/wp-json\/wp\/v2\/users\/2"}],"replies":[{"embeddable":true,"href":"https:\/\/portal.fgeo.gob.mx\/index.php\/wp-json\/wp\/v2\/comments?post=16721"}],"wp:featuredmedia":[{"embeddable":true,"href":"https:\/\/portal.fgeo.gob.mx\/index.php\/wp-json\/"}],"wp:attachment":[{"href":"https:\/\/portal.fgeo.gob.mx\/index.php\/wp-json\/wp\/v2\/media?parent=16721"}],"wp:term":[{"taxonomy":"post_tag","embeddable":true,"href":"https:\/\/portal.fgeo.gob.mx\/index.php\/wp-json\/wp\/v2\/tags?post=16721"},{"taxonomy":"categoria_noticias","embeddable":true,"href":"https:\/\/portal.fgeo.gob.mx\/index.php\/wp-json\/wp\/v2\/categoria_noticias?post=16721"}],"curies":[{"name":"wp","href":"https:\/\/api.w.org\/{rel}","templated":true}]}}