{"id":16720,"date":"2025-04-24T16:00:44","date_gmt":"2025-04-24T22:00:44","guid":{"rendered":"https:\/\/fge.oaxaca.gob.mx\/?post_type=noticias&amp;p=8845"},"modified":"2025-04-24T16:00:44","modified_gmt":"2025-04-24T22:00:44","slug":"boletin-1412-fiscalia-de-oaxaca-obtiene-vinculacion-a-proceso-y-prision-contra-imputado-por-homicidio-y-robo-ocurrido-en-la-central-de-abasto-de-la-capital","status":"publish","type":"noticias","link":"https:\/\/portal.fgeo.gob.mx\/index.php\/archivos\/noticias\/boletin-1412-fiscalia-de-oaxaca-obtiene-vinculacion-a-proceso-y-prision-contra-imputado-por-homicidio-y-robo-ocurrido-en-la-central-de-abasto-de-la-capital","title":{"rendered":"BOLET\u00cdN 1,412.- Fiscal\u00eda de Oaxaca obtiene vinculaci\u00f3n a proceso y prisi\u00f3n contra imputado por homicidio y robo ocurrido en la Central de Abasto de la capital"},"content":{"rendered":"<p><strong>Oaxaca de Ju\u00e1rez a 24 de abril de 2025.- <\/strong>Como parte de las acciones de investigaci\u00f3n ministerial para combatir los delitos de alto impacto, la Fiscal\u00eda General del Estado de Oaxaca (FGEO) obtuvo auto de vinculaci\u00f3n a proceso y prisi\u00f3n preventiva contra una persona del sexo masculino identificada por las iniciales J.M.R.R. o M.R. \u201calias el Jairo\u201d imputado por los delitos de Homicidio calificado y Robo con violencia, ocurrido en la regi\u00f3n de los Valles Centrales.<\/p>\n<p>De acuerdo con lo asentado en el expediente penal del caso, los hechos sucedieron el 11 de marzo de 2025, cuando el agresor ingres\u00f3 de manera ilegal a un inmueble ubicado en diagonal de Mercaderes, de la colonia Art\u00edculo 123 del mercado de Abasto, en la ciudad de Oaxaca de Ju\u00e1rez, lugar donde se encontraban las v\u00edctimas identificadas como M.I.V.G. (mujer) y F.D.R. (hombre).<\/p>\n<p>La investigaci\u00f3n detalla que, en ese domicilio, las v\u00edctimas fueron sometidas con el objetivo de robarles objetos de valor.<\/p>\n<p>Derivado de los hechos, la v\u00edctima M.I.V.G. falleci\u00f3 a consecuencia de las lesiones sufridas durante la comisi\u00f3n de los hechos.<\/p>\n<p>Ante ello, la FGEO, a trav\u00e9s de la Fiscal\u00eda Especializada para la Atenci\u00f3n a Delitos contra la Mujer por Raz\u00f3n de G\u00e9nero, realiz\u00f3 las investigaciones correspondientes que permitieron obtener la orden de aprehensi\u00f3n en contra de J.M.R.R. o M.R. ,\u201calias el Jairo\u201d, por los delitos de Homicidio calificado en agravio de M.I.V.G., y Robo con violencia en agravio de F.D.R., quien fue detenido por elementos de la Agencia Estatal de Investigaciones (AEI) para posteriormente ponerlo a disposici\u00f3n de la autoridad competente que lo requiri\u00f3.<\/p>\n<p>El juez de la causa valor\u00f3 las pruebas aportadas por la FGEO y conforme a ello, dict\u00f3 auto de vinculaci\u00f3n a proceso en contra de J.M.R.R. o M.R. \u201calias el Jairo\u201d, e impuso la medida cautelar de prisi\u00f3n preventiva oficiosa y otorg\u00f3 un plazo de dos meses para el cierre de la investigaci\u00f3n complementaria.<\/p>\n<p>La Fiscal\u00eda General del Estado de Oaxaca est\u00e1 comprometida con establecer l\u00edneas de investigaci\u00f3n s\u00f3lidas que permitan dar con quien o quienes resulten responsables de los delitos, y con ello, garantizar procesos de procuraci\u00f3n de justicia adecuados para las v\u00edctimas directas e indirectas.<\/p>\n<p><img decoding=\"async\" class=\"alignnone size-medium wp-image-8846\" src=\"https:\/\/portal.fgeo.gob.mx\/wp-content\/uploads\/2025\/04\/WhatsApp-Image-2025-04-24-at-2.14.36-PM-300x99.jpeg\" alt=\"\" width=\"300\" height=\"99\" \/><\/p>\n","protected":false},"author":2,"featured_media":8773,"comment_status":"closed","ping_status":"closed","template":"","tags":[],"categoria_noticias":[],"class_list":["post-16720","noticias","type-noticias","status-publish","has-post-thumbnail","hentry"],"acf":[],"mb":[],"mfb_rest_fields":["title","gutenberg_elementor_mode"],"_links":{"self":[{"href":"https:\/\/portal.fgeo.gob.mx\/index.php\/wp-json\/wp\/v2\/noticias\/16720","targetHints":{"allow":["GET"]}}],"collection":[{"href":"https:\/\/portal.fgeo.gob.mx\/index.php\/wp-json\/wp\/v2\/noticias"}],"about":[{"href":"https:\/\/portal.fgeo.gob.mx\/index.php\/wp-json\/wp\/v2\/types\/noticias"}],"author":[{"embeddable":true,"href":"https:\/\/portal.fgeo.gob.mx\/index.php\/wp-json\/wp\/v2\/users\/2"}],"replies":[{"embeddable":true,"href":"https:\/\/portal.fgeo.gob.mx\/index.php\/wp-json\/wp\/v2\/comments?post=16720"}],"wp:featuredmedia":[{"embeddable":true,"href":"https:\/\/portal.fgeo.gob.mx\/index.php\/wp-json\/"}],"wp:attachment":[{"href":"https:\/\/portal.fgeo.gob.mx\/index.php\/wp-json\/wp\/v2\/media?parent=16720"}],"wp:term":[{"taxonomy":"post_tag","embeddable":true,"href":"https:\/\/portal.fgeo.gob.mx\/index.php\/wp-json\/wp\/v2\/tags?post=16720"},{"taxonomy":"categoria_noticias","embeddable":true,"href":"https:\/\/portal.fgeo.gob.mx\/index.php\/wp-json\/wp\/v2\/categoria_noticias?post=16720"}],"curies":[{"name":"wp","href":"https:\/\/api.w.org\/{rel}","templated":true}]}}