{"id":16718,"date":"2025-04-24T11:21:26","date_gmt":"2025-04-24T17:21:26","guid":{"rendered":"https:\/\/fge.oaxaca.gob.mx\/?post_type=noticias&amp;p=8837"},"modified":"2025-04-24T11:21:26","modified_gmt":"2025-04-24T17:21:26","slug":"boletin-1410-fiscalia-de-oaxaca-ejecuta-orden-de-aprehension-y-detiene-a-una-persona-por-violacion-ocurrida-en-la-region-de-la-costa","status":"publish","type":"noticias","link":"https:\/\/portal.fgeo.gob.mx\/index.php\/archivos\/noticias\/boletin-1410-fiscalia-de-oaxaca-ejecuta-orden-de-aprehension-y-detiene-a-una-persona-por-violacion-ocurrida-en-la-region-de-la-costa","title":{"rendered":"BOLET\u00cdN 1410.- Fiscal\u00eda de Oaxaca ejecuta orden de aprehensi\u00f3n y detiene a una persona por violaci\u00f3n ocurrida en la regi\u00f3n de la Costa"},"content":{"rendered":"<div class=\"x11i5rnm xat24cr x1mh8g0r x1vvkbs xtlvy1s x126k92a\">\n<div dir=\"auto\"><\/div>\n<div dir=\"auto\" style=\"text-align: justify\"><\/div>\n<div dir=\"auto\" style=\"text-align: justify\">Oaxaca de Ju\u00e1rez a 24 de abril de 2025.- La Fiscal\u00eda General del Estado de Oaxaca dio cumplimiento a una orden de aprehensi\u00f3n contra una persona del sexo masculino identificado como \u00c1.J.G.R., por los delitos de Violaci\u00f3n Agravada y Violaci\u00f3n Agravada Equiparada en perjuicio de su pareja, en hechos cometidos en la regi\u00f3n la Costa.<\/div>\n<div dir=\"auto\" style=\"text-align: justify\"><\/div>\n<div dir=\"auto\" style=\"text-align: justify\"><\/div>\n<\/div>\n<div dir=\"auto\" style=\"text-align: justify\"><\/div>\n<div class=\"x11i5rnm xat24cr x1mh8g0r x1vvkbs xtlvy1s x126k92a\" style=\"text-align: justify\">\n<div dir=\"auto\">De acuerdo con el expediente penal del caso, los hechos ocurrieron en diferentes fechas de los meses de enero, febrero y marzo de 2025, cuando la v\u00edctima (una mujer, cuya identidad est\u00e1 protegida por ley) se encontraba en un domicilio ubicado en el Barrio Punta Ba\u00f1ada perteneciente a Puerto \u00c1ngel en el municipio de San Pedro Pochutla, lugar donde fue agredida f\u00edsica y sexualmente.<\/div>\n<div dir=\"auto\"><\/div>\n<div dir=\"auto\"><\/div>\n<div dir=\"auto\"><\/div>\n<\/div>\n<div class=\"x11i5rnm xat24cr x1mh8g0r x1vvkbs xtlvy1s x126k92a\" style=\"text-align: justify\">\n<div dir=\"auto\">Luego de que la FGEO tom\u00f3 conocimiento del caso a trav\u00e9s de la denuncia interpuesta, inici\u00f3 las investigaciones correspondientes a trav\u00e9s de la Fiscal\u00eda Especializada para la Atenci\u00f3n a Delitos Contra la Mujer por Raz\u00f3n de G\u00e9nero, logrando obtener una orden de aprehensi\u00f3n en contra de \u00c1.J.G.R., por los delitos de violaci\u00f3n agravada y violaci\u00f3n agravada equiparada.<\/div>\n<div dir=\"auto\"><\/div>\n<div dir=\"auto\"><\/div>\n<div dir=\"auto\"><\/div>\n<\/div>\n<div class=\"x11i5rnm xat24cr x1mh8g0r x1vvkbs xtlvy1s x126k92a\" style=\"text-align: justify\">\n<div dir=\"auto\">Una vez localizado, elementos de la Agencia Estatal de Investigaciones de la Vicefiscal\u00eda Regional de la Costa, dieron cumplimiento al mandato judicial, logrando la detenci\u00f3n de \u00c1.J.G.R., quien fue llevado ante el agente del ministerio p\u00fablico para resolver su situaci\u00f3n jur\u00eddica.<\/div>\n<div dir=\"auto\"><\/div>\n<div dir=\"auto\"><\/div>\n<div dir=\"auto\"><\/div>\n<\/div>\n<div class=\"x11i5rnm xat24cr x1mh8g0r x1vvkbs xtlvy1s x126k92a\">\n<div dir=\"auto\" style=\"text-align: justify\">La Fiscal\u00eda de Oaxaca prioriza las investigaciones relacionadas con delitos cometidos contra mujeres, para presentar ante la justicia a los responsables a fin de garantizar el derecho a una vida libre de violencia.<\/div>\n<\/div>\n<div dir=\"auto\"><\/div>\n<div dir=\"auto\"><\/div>\n<div dir=\"auto\"><\/div>\n<div dir=\"auto\" style=\"text-align: center\"><img fetchpriority=\"high\" decoding=\"async\" class=\"alignnone size-medium wp-image-8838\" src=\"https:\/\/portal.fgeo.gob.mx\/wp-content\/uploads\/2025\/04\/IMAGEN-BOLET%C3%8DN-1410-300x221.png\" alt=\"\" width=\"300\" height=\"221\" \/><\/div>\n<div dir=\"auto\" style=\"text-align: center\"><\/div>\n","protected":false},"author":2,"featured_media":8773,"comment_status":"closed","ping_status":"closed","template":"","tags":[],"categoria_noticias":[],"class_list":["post-16718","noticias","type-noticias","status-publish","has-post-thumbnail","hentry"],"acf":[],"mb":[],"mfb_rest_fields":["title","gutenberg_elementor_mode"],"_links":{"self":[{"href":"https:\/\/portal.fgeo.gob.mx\/index.php\/wp-json\/wp\/v2\/noticias\/16718","targetHints":{"allow":["GET"]}}],"collection":[{"href":"https:\/\/portal.fgeo.gob.mx\/index.php\/wp-json\/wp\/v2\/noticias"}],"about":[{"href":"https:\/\/portal.fgeo.gob.mx\/index.php\/wp-json\/wp\/v2\/types\/noticias"}],"author":[{"embeddable":true,"href":"https:\/\/portal.fgeo.gob.mx\/index.php\/wp-json\/wp\/v2\/users\/2"}],"replies":[{"embeddable":true,"href":"https:\/\/portal.fgeo.gob.mx\/index.php\/wp-json\/wp\/v2\/comments?post=16718"}],"wp:featuredmedia":[{"embeddable":true,"href":"https:\/\/portal.fgeo.gob.mx\/index.php\/wp-json\/"}],"wp:attachment":[{"href":"https:\/\/portal.fgeo.gob.mx\/index.php\/wp-json\/wp\/v2\/media?parent=16718"}],"wp:term":[{"taxonomy":"post_tag","embeddable":true,"href":"https:\/\/portal.fgeo.gob.mx\/index.php\/wp-json\/wp\/v2\/tags?post=16718"},{"taxonomy":"categoria_noticias","embeddable":true,"href":"https:\/\/portal.fgeo.gob.mx\/index.php\/wp-json\/wp\/v2\/categoria_noticias?post=16718"}],"curies":[{"name":"wp","href":"https:\/\/api.w.org\/{rel}","templated":true}]}}