{"id":16715,"date":"2025-04-23T12:01:28","date_gmt":"2025-04-23T18:01:28","guid":{"rendered":"https:\/\/fge.oaxaca.gob.mx\/?post_type=noticias&amp;p=8821"},"modified":"2025-04-23T12:01:28","modified_gmt":"2025-04-23T18:01:28","slug":"boletin-1407-fiscalia-de-oaxaca-ejecuta-orden-de-aprehension-contra-dos-personas-por-homicidio-cometido-en-la-region-del-istmo","status":"publish","type":"noticias","link":"https:\/\/portal.fgeo.gob.mx\/index.php\/archivos\/noticias\/boletin-1407-fiscalia-de-oaxaca-ejecuta-orden-de-aprehension-contra-dos-personas-por-homicidio-cometido-en-la-region-del-istmo","title":{"rendered":"BOLET\u00cdN 1,407.- Fiscal\u00eda de Oaxaca ejecuta orden de aprehensi\u00f3n contra dos personas por homicidio cometido en la regi\u00f3n del Istmo"},"content":{"rendered":"<p>&nbsp;<\/p>\n<p>* Tras cometer el homicidio, los agresores sacaron de la unidad de motor el cuerpo sin vida de la v\u00edctima para abandonarlo a un costado de la carretera Panamericana 190<\/p>\n<p><strong>\u00a0<\/strong><strong>Oaxaca de Ju\u00e1rez a 23 de abril de 2025.- <\/strong>La Fiscal\u00eda General del Estado de Oaxaca (FGEO) ejecut\u00f3 una orden de aprehensi\u00f3n contra dos personas del sexo masculino identificadas como E.M.S. y U.G.L., por el delito de Homicidio Calificado con Ventaja cometido en la regi\u00f3n del Istmo de Tehuantepec.<\/p>\n<p>De acuerdo con el expediente penal, los hechos ocurrieron el 01 de enero de 2025, cuando la v\u00edctima identificada como S.G.M., conduc\u00eda su veh\u00edculo de motor sobre la carretera Panamericana 190, en el tramo Juchit\u00e1n-la Ventosa, sitio donde fue atacada con disparos de arma de fuego, sufriendo lesiones que le ocasionaron la muerte.<\/p>\n<p>La investigaci\u00f3n revela que, tras cometer el homicidio, los agresores sacaron de la unidad de motor el cuerpo sin vida de la v\u00edctima para abandonarlo a un costado de la carretera.<\/p>\n<p>Al tomar conocimiento del caso, la FGEO inici\u00f3 una investigaci\u00f3n a trav\u00e9s de la Vicefiscal\u00eda Regional Istmo, la cual obtuvo una orden de aprehensi\u00f3n que se ejecut\u00f3 en contra de E.M.S. y U.G.L., quienes fueron puestos a disposici\u00f3n de la autoridad que los requiri\u00f3 para determinar su situaci\u00f3n jur\u00eddica.<\/p>\n<p>La Fiscal\u00eda General garantiza investigaciones exhaustivas para esclarecer delitos, aplicando todo el rigor de la Ley a quien o quienes resulten responsables.<\/p>\n<figure id=\"attachment_8822\" aria-describedby=\"caption-attachment-8822\" style=\"width: 300px\" class=\"wp-caption alignnone\"><img decoding=\"async\" class=\"size-medium wp-image-8822\" src=\"https:\/\/portal.fgeo.gob.mx\/wp-content\/uploads\/2025\/04\/Dise%C3%B1o-sin-t%C3%ADtulo-16-300x126.jpg\" alt=\"\" width=\"300\" height=\"126\" \/><figcaption id=\"caption-attachment-8822\" class=\"wp-caption-text\">Dise\u00f1o sin t\u00edtulo &#8211; 1<\/figcaption><\/figure>\n","protected":false},"author":2,"featured_media":8773,"comment_status":"closed","ping_status":"closed","template":"","tags":[],"categoria_noticias":[],"class_list":["post-16715","noticias","type-noticias","status-publish","has-post-thumbnail","hentry"],"acf":[],"mb":[],"mfb_rest_fields":["title","gutenberg_elementor_mode"],"_links":{"self":[{"href":"https:\/\/portal.fgeo.gob.mx\/index.php\/wp-json\/wp\/v2\/noticias\/16715","targetHints":{"allow":["GET"]}}],"collection":[{"href":"https:\/\/portal.fgeo.gob.mx\/index.php\/wp-json\/wp\/v2\/noticias"}],"about":[{"href":"https:\/\/portal.fgeo.gob.mx\/index.php\/wp-json\/wp\/v2\/types\/noticias"}],"author":[{"embeddable":true,"href":"https:\/\/portal.fgeo.gob.mx\/index.php\/wp-json\/wp\/v2\/users\/2"}],"replies":[{"embeddable":true,"href":"https:\/\/portal.fgeo.gob.mx\/index.php\/wp-json\/wp\/v2\/comments?post=16715"}],"wp:featuredmedia":[{"embeddable":true,"href":"https:\/\/portal.fgeo.gob.mx\/index.php\/wp-json\/"}],"wp:attachment":[{"href":"https:\/\/portal.fgeo.gob.mx\/index.php\/wp-json\/wp\/v2\/media?parent=16715"}],"wp:term":[{"taxonomy":"post_tag","embeddable":true,"href":"https:\/\/portal.fgeo.gob.mx\/index.php\/wp-json\/wp\/v2\/tags?post=16715"},{"taxonomy":"categoria_noticias","embeddable":true,"href":"https:\/\/portal.fgeo.gob.mx\/index.php\/wp-json\/wp\/v2\/categoria_noticias?post=16715"}],"curies":[{"name":"wp","href":"https:\/\/api.w.org\/{rel}","templated":true}]}}