{"id":16714,"date":"2025-04-23T09:31:27","date_gmt":"2025-04-23T15:31:27","guid":{"rendered":"https:\/\/fge.oaxaca.gob.mx\/?post_type=noticias&amp;p=8819"},"modified":"2025-04-23T09:31:27","modified_gmt":"2025-04-23T15:31:27","slug":"boletin-1406-ejecuta-fgeo-orden-de-aprehension-por-homicidio-calificado-de-una-mujer-cometido-en-la-region-del-istmo","status":"publish","type":"noticias","link":"https:\/\/portal.fgeo.gob.mx\/index.php\/archivos\/noticias\/boletin-1406-ejecuta-fgeo-orden-de-aprehension-por-homicidio-calificado-de-una-mujer-cometido-en-la-region-del-istmo","title":{"rendered":"BOLET\u00cdN 1,406.-  Ejecuta FGEO orden de aprehensi\u00f3n por homicidio calificado de una mujer cometido en la regi\u00f3n del Istmo"},"content":{"rendered":"<p style=\"font-weight: 400\"><strong>Oaxaca de Ju\u00e1rez a 23 de abril de 2025.-\u00a0<\/strong>La<strong>\u00a0<\/strong>Fiscal\u00eda General del Estado de Oaxaca (FGEO) ejecut\u00f3 una orden de aprehensi\u00f3n en contra de una persona del sexo masculino identificada como V.M.V. o V.A.M.A., por el delito de homicidio calificado con ventaja, por hechos ocurridos en la regi\u00f3n del Istmo de Tehuantepec, como parte de las acciones para fortalecer las la estrategia en materia de procuraci\u00f3n de justicia en casos de violencia contra las mujeres.<\/p>\n<p style=\"font-weight: 400\">Derivado de diversos actos de investigaci\u00f3n se logr\u00f3 ejecutar la orden de aprehensi\u00f3n este 22 de abril de 2025, realizando una intervenci\u00f3n en el camino que conduce del municipio de Santo Domingo Zanatepec a la agencia de Hierba Santa.<\/p>\n<p style=\"font-weight: 400\">De acuerdo con el expediente penal, los hechos ocurrieron el 05 de febrero de 2025, cuando el cuerpo de la v\u00edctima -una mujer identificada como M.A.V.- fue hallado sin vida en su vivienda ubicada en Santo Domingo Zanatepec, por ello, la FGEO inici\u00f3 las indagatorias correspondientes a trav\u00e9s de la Vicefiscal\u00eda Regional del Istmo.<\/p>\n<p style=\"font-weight: 400\">Luego de desplegar un equipo multidisciplinario se llevaron a cabo las primeras indagatorias con perspectiva de g\u00e9nero que permitieron recabar las pruebas presentadas ante el Juez de la causa, quien determin\u00f3 emitir la orden de aprehensi\u00f3n.<\/p>\n<p style=\"font-weight: 400\">La Fiscal\u00eda de Oaxaca est\u00e1 comprometida con realizar investigaciones que permitan brindar procesos de procuraci\u00f3n de justicia adecuados y con perspectiva de g\u00e9nero que den certeza a las v\u00edctimas directas e indirectas, y permitan romper la impunidad.<\/p>\n<p style=\"font-weight: 400\"><img fetchpriority=\"high\" decoding=\"async\" class=\"alignnone size-medium wp-image-8820\" src=\"https:\/\/portal.fgeo.gob.mx\/wp-content\/uploads\/2025\/04\/WhatsApp-Image-2025-04-22-at-2.38.59-PM-210x300.jpeg\" alt=\"\" width=\"210\" height=\"300\" \/><\/p>\n","protected":false},"author":2,"featured_media":8773,"comment_status":"closed","ping_status":"closed","template":"","tags":[],"categoria_noticias":[],"class_list":["post-16714","noticias","type-noticias","status-publish","has-post-thumbnail","hentry"],"acf":[],"mb":[],"mfb_rest_fields":["title","gutenberg_elementor_mode"],"_links":{"self":[{"href":"https:\/\/portal.fgeo.gob.mx\/index.php\/wp-json\/wp\/v2\/noticias\/16714","targetHints":{"allow":["GET"]}}],"collection":[{"href":"https:\/\/portal.fgeo.gob.mx\/index.php\/wp-json\/wp\/v2\/noticias"}],"about":[{"href":"https:\/\/portal.fgeo.gob.mx\/index.php\/wp-json\/wp\/v2\/types\/noticias"}],"author":[{"embeddable":true,"href":"https:\/\/portal.fgeo.gob.mx\/index.php\/wp-json\/wp\/v2\/users\/2"}],"replies":[{"embeddable":true,"href":"https:\/\/portal.fgeo.gob.mx\/index.php\/wp-json\/wp\/v2\/comments?post=16714"}],"wp:featuredmedia":[{"embeddable":true,"href":"https:\/\/portal.fgeo.gob.mx\/index.php\/wp-json\/"}],"wp:attachment":[{"href":"https:\/\/portal.fgeo.gob.mx\/index.php\/wp-json\/wp\/v2\/media?parent=16714"}],"wp:term":[{"taxonomy":"post_tag","embeddable":true,"href":"https:\/\/portal.fgeo.gob.mx\/index.php\/wp-json\/wp\/v2\/tags?post=16714"},{"taxonomy":"categoria_noticias","embeddable":true,"href":"https:\/\/portal.fgeo.gob.mx\/index.php\/wp-json\/wp\/v2\/categoria_noticias?post=16714"}],"curies":[{"name":"wp","href":"https:\/\/api.w.org\/{rel}","templated":true}]}}