{"id":16713,"date":"2025-04-22T15:27:22","date_gmt":"2025-04-22T21:27:22","guid":{"rendered":"https:\/\/fge.oaxaca.gob.mx\/?post_type=noticias&amp;p=8814"},"modified":"2025-04-22T15:27:22","modified_gmt":"2025-04-22T21:27:22","slug":"boletin-1405-fiscalia-de-oaxaca-participa-en-operativo-conjunto-con-sspc-que-se-realizo-en-la-costa-logrando-el-aseguramiento-de-vehiculo-y-la-aprehension-de-una-persona","status":"publish","type":"noticias","link":"https:\/\/portal.fgeo.gob.mx\/index.php\/archivos\/noticias\/boletin-1405-fiscalia-de-oaxaca-participa-en-operativo-conjunto-con-sspc-que-se-realizo-en-la-costa-logrando-el-aseguramiento-de-vehiculo-y-la-aprehension-de-una-persona","title":{"rendered":"Bolet\u00edn 1,405.- Fiscal\u00eda de Oaxaca participa en operativo conjunto con SSPC que se realiz\u00f3 en la Costa, logrando el aseguramiento de veh\u00edculo y la aprehensi\u00f3n de una persona"},"content":{"rendered":"<p style=\"font-weight: 400\"><strong>Oaxaca de Ju\u00e1rez a 22 de abril de 2025.-\u00a0<\/strong>Como parte de las acciones para garantizar la paz social y seguridad en la entidad, la Fiscal\u00eda General del Estado de Oaxaca (FGEO) particip\u00f3 en un operativo interinstitucional llevado a cabo en la regi\u00f3n de la Costa, gracias al cual se logr\u00f3 el aseguramiento de cinco veh\u00edculos irregulares adem\u00e1s que se dio cumplimiento a una orden de aprehensi\u00f3n en contra de una persona del sexo masculino identificado como P.S.P.V., por el delito de Despojo y Robo.<\/p>\n<p style=\"font-weight: 400\"><img fetchpriority=\"high\" decoding=\"async\" class=\"alignnone size-medium wp-image-8816\" src=\"https:\/\/portal.fgeo.gob.mx\/wp-content\/uploads\/2025\/04\/WhatsApp-Image-2025-04-22-at-3.18.40-PM-2-225x300.jpeg\" alt=\"\" width=\"225\" height=\"300\" \/><\/p>\n<p style=\"font-weight: 400\">Este operativo coordinado estuvo conformado por elementos de la Agencia Estatal de Investigaciones (AEI) adscritos a la Vicefiscal\u00eda Regional de la Costa y la Polic\u00eda Vial Estatal de la Secretar\u00eda de Seguridad y Protecci\u00f3n Ciudadana (SSPC), en el que se logr\u00f3 el aseguramiento de cinco autom\u00f3viles y cuatro motocicletas por faltas a la ley de tr\u00e1nsito y vialidad.<\/p>\n<p style=\"font-weight: 400\">Estos despliegues estrat\u00e9gicos que consisten en recorridos de disuasi\u00f3n y vigilancia, as\u00ed como la instalaci\u00f3n de filtros de seguridad, son acciones que forman parte de la estrategia de seguridad e investigaci\u00f3n ministerial para fortalecer las acciones de procuraci\u00f3n de justicia en la entidad.<\/p>\n<p style=\"font-weight: 400\"><img decoding=\"async\" class=\"alignnone size-medium wp-image-8817\" src=\"https:\/\/portal.fgeo.gob.mx\/wp-content\/uploads\/2025\/04\/WhatsApp-Image-2025-04-22-at-3.18.40-PM-1-300x169.jpeg\" alt=\"\" width=\"300\" height=\"169\" \/> <img decoding=\"async\" class=\"alignnone size-medium wp-image-8818\" src=\"https:\/\/portal.fgeo.gob.mx\/wp-content\/uploads\/2025\/04\/WhatsApp-Image-2025-04-22-at-3.18.40-PM-300x225.jpeg\" alt=\"\" width=\"300\" height=\"225\" \/><\/p>\n<p style=\"font-weight: 400\">En tanto que, la detenci\u00f3n de P.S.P.V., deriva de hechos ocurridos en enero de 2023, cuando la v\u00edctima, un hombre identificado como C.H.R., fue despojado de un predio ubicado en la calle Uni\u00f3n de la colonia Marinero del municipio de Santa Mar\u00eda Colotepec.<\/p>\n<p style=\"font-weight: 400\">Una vez detenido P.S.P.V., fue puesto a disposici\u00f3n de las autoridades correspondientes para que se resuelva su situaci\u00f3n jur\u00eddica en las pr\u00f3ximas horas.<\/p>\n<p style=\"font-weight: 400\"><img loading=\"lazy\" decoding=\"async\" class=\"alignnone size-medium wp-image-8815\" src=\"https:\/\/portal.fgeo.gob.mx\/wp-content\/uploads\/2025\/04\/Dise%C3%B1o-sin-t%C3%ADtulo-15-300x206.jpg\" alt=\"\" width=\"300\" height=\"206\" \/><\/p>\n","protected":false},"author":2,"featured_media":8773,"comment_status":"closed","ping_status":"closed","template":"","tags":[],"categoria_noticias":[],"class_list":["post-16713","noticias","type-noticias","status-publish","has-post-thumbnail","hentry"],"acf":[],"mb":[],"mfb_rest_fields":["title","gutenberg_elementor_mode"],"_links":{"self":[{"href":"https:\/\/portal.fgeo.gob.mx\/index.php\/wp-json\/wp\/v2\/noticias\/16713","targetHints":{"allow":["GET"]}}],"collection":[{"href":"https:\/\/portal.fgeo.gob.mx\/index.php\/wp-json\/wp\/v2\/noticias"}],"about":[{"href":"https:\/\/portal.fgeo.gob.mx\/index.php\/wp-json\/wp\/v2\/types\/noticias"}],"author":[{"embeddable":true,"href":"https:\/\/portal.fgeo.gob.mx\/index.php\/wp-json\/wp\/v2\/users\/2"}],"replies":[{"embeddable":true,"href":"https:\/\/portal.fgeo.gob.mx\/index.php\/wp-json\/wp\/v2\/comments?post=16713"}],"wp:featuredmedia":[{"embeddable":true,"href":"https:\/\/portal.fgeo.gob.mx\/index.php\/wp-json\/"}],"wp:attachment":[{"href":"https:\/\/portal.fgeo.gob.mx\/index.php\/wp-json\/wp\/v2\/media?parent=16713"}],"wp:term":[{"taxonomy":"post_tag","embeddable":true,"href":"https:\/\/portal.fgeo.gob.mx\/index.php\/wp-json\/wp\/v2\/tags?post=16713"},{"taxonomy":"categoria_noticias","embeddable":true,"href":"https:\/\/portal.fgeo.gob.mx\/index.php\/wp-json\/wp\/v2\/categoria_noticias?post=16713"}],"curies":[{"name":"wp","href":"https:\/\/api.w.org\/{rel}","templated":true}]}}