{"id":16710,"date":"2025-04-21T16:33:58","date_gmt":"2025-04-21T22:33:58","guid":{"rendered":"https:\/\/fge.oaxaca.gob.mx\/?post_type=noticias&amp;p=8808"},"modified":"2025-04-21T16:33:58","modified_gmt":"2025-04-21T22:33:58","slug":"boletin-1401-fiscalia-de-oaxaca-en-colaboracion-con-fiscalia-de-cdmx-detienen-a-una-persona-y-le-ejecutan-orden-de-aprehension-por-robo-agravado-cometido-en-la-capital-del-pais","status":"publish","type":"noticias","link":"https:\/\/portal.fgeo.gob.mx\/index.php\/archivos\/noticias\/boletin-1401-fiscalia-de-oaxaca-en-colaboracion-con-fiscalia-de-cdmx-detienen-a-una-persona-y-le-ejecutan-orden-de-aprehension-por-robo-agravado-cometido-en-la-capital-del-pais","title":{"rendered":"BOLET\u00cdN 1,401.- Fiscal\u00eda de Oaxaca, en colaboraci\u00f3n con Fiscal\u00eda de CDMX, detienen a una persona y le ejecutan orden de aprehensi\u00f3n por robo agravado cometido en la capital del pa\u00eds"},"content":{"rendered":"<p>Oaxaca de Ju\u00e1rez a 21 de abril de 2025.- Derivado de la colaboraci\u00f3n interinstitucional con la Fiscal\u00eda de la Ciudad de M\u00e9xico, la Fiscal\u00eda General del Estado de Oaxaca (FGEO), logr\u00f3 la detenci\u00f3n de una persona del sexo masculino identificada como E R.S., por el delito de robo agravado cometido en la ciudad de M\u00e9xico.<\/p>\n<p>La detenci\u00f3n fue realizada por elementos de la Agencia Estatal de Investigaciones (AEI) adscritos a la Vicefiscal\u00eda Regional de la Cuenca, sobre la carretera estatal que conduce de Acatl\u00e1n de P\u00e9rez Figueroa a San Jos\u00e9 Cosolapa, en inmediaciones de una terminal de autobuses, derivado de hechos ocurridos en el a\u00f1o 2019 en la Ciudad de M\u00e9xico.<\/p>\n<p>Tras la detenci\u00f3n de E.R.S., se iniciaron los tr\u00e1mites legales pertinentes para su traslado a la Ciudad de M\u00e9xico y con ello, ponerlo a disposici\u00f3n de la autoridad ministerial correspondiente para determinar su situaci\u00f3n jur\u00eddica.<\/p>\n<p>Los trabajos de colaboraci\u00f3n que realiza la Fiscal\u00eda de Oaxaca con Fiscal\u00edas de otras entidades federativas se traducen en acciones asertivas para que las v\u00edctimas tengan pleno acceso a la justicia y la reparaci\u00f3n del da\u00f1o.<img fetchpriority=\"high\" decoding=\"async\" class=\"alignnone size-medium wp-image-8809\" src=\"https:\/\/portal.fgeo.gob.mx\/wp-content\/uploads\/2025\/04\/WhatsApp-Image-2025-04-21-at-4.01.07-PM-300x281.jpeg\" alt=\"\" width=\"300\" height=\"281\" \/><\/p>\n","protected":false},"author":2,"featured_media":8773,"comment_status":"closed","ping_status":"closed","template":"","tags":[],"categoria_noticias":[],"class_list":["post-16710","noticias","type-noticias","status-publish","has-post-thumbnail","hentry"],"acf":[],"mb":[],"mfb_rest_fields":["title","gutenberg_elementor_mode"],"_links":{"self":[{"href":"https:\/\/portal.fgeo.gob.mx\/index.php\/wp-json\/wp\/v2\/noticias\/16710","targetHints":{"allow":["GET"]}}],"collection":[{"href":"https:\/\/portal.fgeo.gob.mx\/index.php\/wp-json\/wp\/v2\/noticias"}],"about":[{"href":"https:\/\/portal.fgeo.gob.mx\/index.php\/wp-json\/wp\/v2\/types\/noticias"}],"author":[{"embeddable":true,"href":"https:\/\/portal.fgeo.gob.mx\/index.php\/wp-json\/wp\/v2\/users\/2"}],"replies":[{"embeddable":true,"href":"https:\/\/portal.fgeo.gob.mx\/index.php\/wp-json\/wp\/v2\/comments?post=16710"}],"wp:featuredmedia":[{"embeddable":true,"href":"https:\/\/portal.fgeo.gob.mx\/index.php\/wp-json\/"}],"wp:attachment":[{"href":"https:\/\/portal.fgeo.gob.mx\/index.php\/wp-json\/wp\/v2\/media?parent=16710"}],"wp:term":[{"taxonomy":"post_tag","embeddable":true,"href":"https:\/\/portal.fgeo.gob.mx\/index.php\/wp-json\/wp\/v2\/tags?post=16710"},{"taxonomy":"categoria_noticias","embeddable":true,"href":"https:\/\/portal.fgeo.gob.mx\/index.php\/wp-json\/wp\/v2\/categoria_noticias?post=16710"}],"curies":[{"name":"wp","href":"https:\/\/api.w.org\/{rel}","templated":true}]}}