{"id":16706,"date":"2025-04-19T00:57:36","date_gmt":"2025-04-19T06:57:36","guid":{"rendered":"https:\/\/fge.oaxaca.gob.mx\/?post_type=noticias&amp;p=8798"},"modified":"2025-04-19T00:57:36","modified_gmt":"2025-04-19T06:57:36","slug":"boletin-1397-fiscalia-de-oaxaca-detiene-a-probable-responsable-por-accidente-en-el-puente-de-madera-de-santo-domingo-tehuantepec","status":"publish","type":"noticias","link":"https:\/\/portal.fgeo.gob.mx\/index.php\/archivos\/noticias\/boletin-1397-fiscalia-de-oaxaca-detiene-a-probable-responsable-por-accidente-en-el-puente-de-madera-de-santo-domingo-tehuantepec","title":{"rendered":"BOLET\u00cdN 1397.-Fiscal\u00eda de Oaxaca detiene a probable responsable por accidente en el Puente de Madera de  Santo Domingo Tehuantepec"},"content":{"rendered":"<p>Oaxaca de Ju\u00e1rez, Oax., a 18 de abril de 2025.- La Fiscal\u00eda General del Estado de Oaxaca realiz\u00f3 la detenci\u00f3n de una persona del sexo masculino, por ser el probable responsable de un accidente vial ocurrido en el Istmo de Tehuantepec, en el que una persona result\u00f3 gravemente lesionada.<\/p>\n<p>Los hechos ocurrieron el pasado 15 de abril de 2025, en el sitio conocido como Puente de Madera, en la Carretera Trans\u00edstmica que comunica a Juchit\u00e1n con Tehuantepec.<\/p>\n<p>En este lugar, perteneciente al municipio de Santo Domingo Tehuantepec, un veh\u00edculo embisti\u00f3 a la v\u00edctima identificada como O.E. R., persona que result\u00f3 con graves lesiones por las cuales permanece internado, recibiendo atenci\u00f3n m\u00e9dica.<\/p>\n<p>En tanto que el conductor responsable de este accidente huy\u00f3 del lugar de los hechos y posteriormente abandon\u00f3 el veh\u00edculo.<\/p>\n<p>Al tener conocimiento del percance, la Fiscal\u00eda General del Estado de Oaxaca inici\u00f3 las investigaciones correspondientes a trav\u00e9s de la Vicefiscal\u00eda Regional del Istmo, que estableci\u00f3 s\u00f3lidas l\u00edneas de investigaci\u00f3n desde un inicio.<\/p>\n<p>En menos de 72 horas, despu\u00e9s de ocurrido el percance, la Fiscal\u00eda de Oaxaca localiz\u00f3 y logr\u00f3 la detenci\u00f3n del probable responsable como parte del proceso de procuraci\u00f3n de justicia a favor de las v\u00edctimas.<\/p>\n<p>El detenido qued\u00f3 a disposici\u00f3n del agente del Ministerio P\u00fablico que atiende el caso, para que se determine su situaci\u00f3n jur\u00eddica correspondiente.<\/p>\n<p>La Fiscal\u00eda General del Estado de Oaxaca realiza investigaciones efectivas a trav\u00e9s de \u00e1reas especializadas para dar resultados a favor de las v\u00edctimas.<\/p>\n<p><img fetchpriority=\"high\" decoding=\"async\" class=\"size-medium wp-image-8791 aligncenter\" src=\"https:\/\/portal.fgeo.gob.mx\/wp-content\/uploads\/2025\/04\/BOLET%C3%8DN-1393.-Detienen-y-ponen-a-disposici%C3%B3n-de-la-FGEO-a-dos-personas-por-robo-con-violencia-cometido-en-la-ciudad-de-Oaxaca-de-Ju%C3%A1rez1-169x300.jpeg\" alt=\"\" width=\"169\" height=\"300\" \/><\/p>\n","protected":false},"author":2,"featured_media":8773,"comment_status":"closed","ping_status":"closed","template":"","tags":[],"categoria_noticias":[],"class_list":["post-16706","noticias","type-noticias","status-publish","has-post-thumbnail","hentry"],"acf":[],"mb":[],"mfb_rest_fields":["title","gutenberg_elementor_mode"],"_links":{"self":[{"href":"https:\/\/portal.fgeo.gob.mx\/index.php\/wp-json\/wp\/v2\/noticias\/16706","targetHints":{"allow":["GET"]}}],"collection":[{"href":"https:\/\/portal.fgeo.gob.mx\/index.php\/wp-json\/wp\/v2\/noticias"}],"about":[{"href":"https:\/\/portal.fgeo.gob.mx\/index.php\/wp-json\/wp\/v2\/types\/noticias"}],"author":[{"embeddable":true,"href":"https:\/\/portal.fgeo.gob.mx\/index.php\/wp-json\/wp\/v2\/users\/2"}],"replies":[{"embeddable":true,"href":"https:\/\/portal.fgeo.gob.mx\/index.php\/wp-json\/wp\/v2\/comments?post=16706"}],"wp:featuredmedia":[{"embeddable":true,"href":"https:\/\/portal.fgeo.gob.mx\/index.php\/wp-json\/"}],"wp:attachment":[{"href":"https:\/\/portal.fgeo.gob.mx\/index.php\/wp-json\/wp\/v2\/media?parent=16706"}],"wp:term":[{"taxonomy":"post_tag","embeddable":true,"href":"https:\/\/portal.fgeo.gob.mx\/index.php\/wp-json\/wp\/v2\/tags?post=16706"},{"taxonomy":"categoria_noticias","embeddable":true,"href":"https:\/\/portal.fgeo.gob.mx\/index.php\/wp-json\/wp\/v2\/categoria_noticias?post=16706"}],"curies":[{"name":"wp","href":"https:\/\/api.w.org\/{rel}","templated":true}]}}