{"id":16701,"date":"2025-04-17T16:47:21","date_gmt":"2025-04-17T22:47:21","guid":{"rendered":"https:\/\/fge.oaxaca.gob.mx\/?post_type=noticias&amp;p=8781"},"modified":"2025-04-17T16:47:21","modified_gmt":"2025-04-17T22:47:21","slug":"boletin-1392-detienen-y-ponen-a-disposicion-del-ministerio-publico-a-tres-personas-por-asalto-a-tienda-oxxo-en-la-mixteca-en-el-que-hirieron-a-policia-municipal-con-disparo-de-arma-de-fuego-fiscal","status":"publish","type":"noticias","link":"https:\/\/portal.fgeo.gob.mx\/index.php\/archivos\/noticias\/boletin-1392-detienen-y-ponen-a-disposicion-del-ministerio-publico-a-tres-personas-por-asalto-a-tienda-oxxo-en-la-mixteca-en-el-que-hirieron-a-policia-municipal-con-disparo-de-arma-de-fuego-fiscal","title":{"rendered":"BOLET\u00cdN 1392.- Detienen y ponen a disposici\u00f3n del Ministerio P\u00fablico a tres personas por asalto a tienda OXXO en la Mixteca, en el que hirieron a polic\u00eda municipal con disparo de arma de fuego: Fiscal\u00eda de Oaxaca"},"content":{"rendered":"<p><strong>Oaxaca de Ju\u00e1rez a \u00a017 de abril \u00a0de 2025. \u2013<\/strong>\u00a0 La Fiscal\u00eda General del Estado de Oaxaca (FGEO) tiene a disposici\u00f3n del agente del Ministerio P\u00fablico a tres personas detenidas, dos mujeres identificadas como B. R. C., alias \u201cBrisa\u201d,\u00a0 y J. L. M., as\u00ed como un hombre identificado como J. M. H. H., alias \u201cZamudio\u201d, capturados cuando intentaban huir luego de la comisi\u00f3n de un robo con violencia cometido en una sucursal de la tienda OXXO, en la Mixteca, hechos en los que result\u00f3 lesionado un elemento de la Polic\u00eda Municipal al momento de una agresi\u00f3n con disparos de arma de fuego.<\/p>\n<p>Los hechos sucedieron en la sucursal de la tienda de conveniencia denominada OXXO, localizada en el municipio de Santiago Huajolotitl\u00e1n, donde los polic\u00edas municipales recibieron el reporte sobre la comisi\u00f3n de un asalto, por lo que se trasladaron al lugar.<\/p>\n<p><img fetchpriority=\"high\" decoding=\"async\" class=\"alignnone size-medium wp-image-8782\" src=\"https:\/\/portal.fgeo.gob.mx\/wp-content\/uploads\/2025\/04\/BOLET%C3%8DN-1392.-Detienen-y-ponen-a-disposici%C3%B3n-del-Ministerio-P%C3%BAblico-a-tres-personas-por-asalto-a-tienda-OXXO-en-la-Mixteca-en-el-que-hirieron-a-polic%C3%ADa-municipal-con-disparo-de-arma-de-fuego-2-257x300.jpeg\" alt=\"\" width=\"257\" height=\"300\" \/> <img decoding=\"async\" class=\"alignnone size-medium wp-image-8783\" src=\"https:\/\/portal.fgeo.gob.mx\/wp-content\/uploads\/2025\/04\/BOLET%C3%8DN-1392.-Detienen-y-ponen-a-disposici%C3%B3n-del-Ministerio-P%C3%BAblico-a-tres-personas-por-asalto-a-tienda-OXXO-en-la-Mixteca-en-el-que-hirieron-a-polic%C3%ADa-municipal-con-disparo-de-arma-de-fuego-1-225x300.jpeg\" alt=\"\" width=\"225\" height=\"300\" \/><\/p>\n<p>Cuando los elementos policiales arribaron al sitio, los probables responsables intentaron huir a bordo de dos motocicletas, pero fueron detenidos, durante este despliegue, uno de los detenidos dispar\u00f3 contra los polic\u00edas, provocando lesiones en uno de ellos.<\/p>\n<p>Tras su detenci\u00f3n, las dos mujeres identificadas como B. R. C., alias \u201cBrisa\u201d,\u00a0 y J. L. M., as\u00ed como un hombre identificado como J. M. H. H., alias \u201cZamudio\u201d, fueron puestos a disposici\u00f3n del agente del Ministerio P\u00fablico adscrito a la Vicefiscal\u00eda Regional de la Mixteca, que inici\u00f3 con los trabajos de investigaci\u00f3n correspondientes por los delitos de robo con violencia y tentativa de homicidio, para que resuelva su situaci\u00f3n jur\u00eddica conforme a los plazos que establece la Ley.<\/p>\n<p><img decoding=\"async\" class=\"alignnone size-medium wp-image-8784\" src=\"https:\/\/portal.fgeo.gob.mx\/wp-content\/uploads\/2025\/04\/BOLET%C3%8DN-1392.-Detienen-y-ponen-a-disposici%C3%B3n-del-Ministerio-P%C3%BAblico-a-tres-personas-por-asalto-a-tienda-OXXO-en-la-Mixteca-en-el-que-hirieron-a-polic%C3%ADa-municipal-con-disparo-de-arma-de-fuego-3-300x242.jpeg\" alt=\"\" width=\"300\" height=\"242\" \/> <img loading=\"lazy\" decoding=\"async\" class=\"alignnone size-medium wp-image-8785\" src=\"https:\/\/portal.fgeo.gob.mx\/wp-content\/uploads\/2025\/04\/BOLET%C3%8DN-1392.-Detienen-y-ponen-a-disposici%C3%B3n-del-Ministerio-P%C3%BAblico-a-tres-personas-por-asalto-a-tienda-OXXO-en-la-Mixteca-en-el-que-hirieron-a-polic%C3%ADa-municipal-con-disparo-de-arma-de-fuego-7-300x225.jpeg\" alt=\"\" width=\"300\" height=\"225\" \/><\/p>\n<p>La Fiscal\u00eda de Oaxaca trabaja en estrecha colaboraci\u00f3n con las Polic\u00edas Municipales de todo el estado, para hacer m\u00e1s efectivas las labores en materia de seguridad y procuraci\u00f3n de justicia para garantizar la seguridad p\u00fablica y la paz social en las ocho regiones de la entidad.<\/p>\n<p><img loading=\"lazy\" decoding=\"async\" class=\"alignnone size-medium wp-image-8786\" src=\"https:\/\/portal.fgeo.gob.mx\/wp-content\/uploads\/2025\/04\/BOLET%C3%8DN-1392.-Detienen-y-ponen-a-disposici%C3%B3n-del-Ministerio-P%C3%BAblico-a-tres-personas-por-asalto-a-tienda-OXXO-en-la-Mixteca-en-el-que-hirieron-a-polic%C3%ADa-municipal-con-disparo-de-arma-de-fuego-6-300x169.jpeg\" alt=\"\" width=\"300\" height=\"169\" \/> <img loading=\"lazy\" decoding=\"async\" class=\"alignnone size-medium wp-image-8787\" src=\"https:\/\/portal.fgeo.gob.mx\/wp-content\/uploads\/2025\/04\/BOLET%C3%8DN-1392.-Detienen-y-ponen-a-disposici%C3%B3n-del-Ministerio-P%C3%BAblico-a-tres-personas-por-asalto-a-tienda-OXXO-en-la-Mixteca-en-el-que-hirieron-a-polic%C3%ADa-municipal-con-disparo-de-arma-de-fuego-5-300x225.jpeg\" alt=\"\" width=\"300\" height=\"225\" \/> <img loading=\"lazy\" decoding=\"async\" class=\"alignnone size-medium wp-image-8788\" src=\"https:\/\/portal.fgeo.gob.mx\/wp-content\/uploads\/2025\/04\/BOLET%C3%8DN-1392.-Detienen-y-ponen-a-disposici%C3%B3n-del-Ministerio-P%C3%BAblico-a-tres-personas-por-asalto-a-tienda-OXXO-en-la-Mixteca-en-el-que-hirieron-a-polic%C3%ADa-municipal-con-disparo-de-arma-de-fuego-4-300x225.jpeg\" alt=\"\" width=\"300\" height=\"225\" \/><\/p>\n<p>&nbsp;<\/p>\n","protected":false},"author":2,"featured_media":8773,"comment_status":"closed","ping_status":"closed","template":"","tags":[],"categoria_noticias":[],"class_list":["post-16701","noticias","type-noticias","status-publish","has-post-thumbnail","hentry"],"acf":[],"mb":[],"mfb_rest_fields":["title","gutenberg_elementor_mode"],"_links":{"self":[{"href":"https:\/\/portal.fgeo.gob.mx\/index.php\/wp-json\/wp\/v2\/noticias\/16701","targetHints":{"allow":["GET"]}}],"collection":[{"href":"https:\/\/portal.fgeo.gob.mx\/index.php\/wp-json\/wp\/v2\/noticias"}],"about":[{"href":"https:\/\/portal.fgeo.gob.mx\/index.php\/wp-json\/wp\/v2\/types\/noticias"}],"author":[{"embeddable":true,"href":"https:\/\/portal.fgeo.gob.mx\/index.php\/wp-json\/wp\/v2\/users\/2"}],"replies":[{"embeddable":true,"href":"https:\/\/portal.fgeo.gob.mx\/index.php\/wp-json\/wp\/v2\/comments?post=16701"}],"wp:featuredmedia":[{"embeddable":true,"href":"https:\/\/portal.fgeo.gob.mx\/index.php\/wp-json\/"}],"wp:attachment":[{"href":"https:\/\/portal.fgeo.gob.mx\/index.php\/wp-json\/wp\/v2\/media?parent=16701"}],"wp:term":[{"taxonomy":"post_tag","embeddable":true,"href":"https:\/\/portal.fgeo.gob.mx\/index.php\/wp-json\/wp\/v2\/tags?post=16701"},{"taxonomy":"categoria_noticias","embeddable":true,"href":"https:\/\/portal.fgeo.gob.mx\/index.php\/wp-json\/wp\/v2\/categoria_noticias?post=16701"}],"curies":[{"name":"wp","href":"https:\/\/api.w.org\/{rel}","templated":true}]}}