{"id":16697,"date":"2025-04-16T13:00:00","date_gmt":"2025-04-16T19:00:00","guid":{"rendered":"https:\/\/fge.oaxaca.gob.mx\/?post_type=noticias&amp;p=8771"},"modified":"2025-04-16T13:00:00","modified_gmt":"2025-04-16T19:00:00","slug":"boletin-1388-fiscalia-de-oaxaca-localiza-en-la-region-del-istmo-a-una-persona-enganchada-por-redes-sociales-y-posteriormente-privada-de-la-libertad-en-el-estado-de-chiapas","status":"publish","type":"noticias","link":"https:\/\/portal.fgeo.gob.mx\/index.php\/archivos\/noticias\/boletin-1388-fiscalia-de-oaxaca-localiza-en-la-region-del-istmo-a-una-persona-enganchada-por-redes-sociales-y-posteriormente-privada-de-la-libertad-en-el-estado-de-chiapas","title":{"rendered":"BOLET\u00cdN 1,388.- Fiscal\u00eda de Oaxaca localiza en la regi\u00f3n del Istmo a una persona enganchada por redes sociales y posteriormente privada de la libertad en el estado de Chiapas"},"content":{"rendered":"<p><strong>Oaxaca de Ju\u00e1rez a 16 de abril de 2025.- <\/strong>La Fiscal\u00eda General del Estado de Oaxaca (FGEO) implement\u00f3 las acciones correspondientes y logr\u00f3 la localizaci\u00f3n de una persona del sexo femenino en Juchit\u00e1n de Zaragoza, v\u00edctima identificada como N.I.C.V., quien hab\u00eda sido enganchada a trav\u00e9s de una oferta laboral publicada en redes sociales, y posteriormente privada de la libertad de manera ilegal en el estado de Chiapas.<\/p>\n<p>De acuerdo con la carpeta de investigaci\u00f3n, los hechos ocurrieron el 01 de abril del 2025, cuando la v\u00edctima sali\u00f3 de su domicilio ubicado en el Fraccionamiento Lomas del Pedregal, en el municipio de Berrioz\u00e1bal, en el estado de Chiapas, para acudir a una cita de trabajo a la terminal de Tuxtla Guti\u00e9rrez, anunci\u00f3 que hab\u00eda visto en un perfil de Facebook.<\/p>\n<p>La investigaci\u00f3n revela que, en el lugar, una persona se acerc\u00f3 a la v\u00edctima para llevarla a las oficinas donde supuestamente la contratar\u00edan, sin embargo, fue privada de la libertad durante catorce d\u00edas, hasta que logr\u00f3 escapar y debido a que tiene familia en la regi\u00f3n del Istmo de Tehuantepec, se traslad\u00f3 a la poblaci\u00f3n de Juchit\u00e1n de Zaragoza, en Oaxaca.<\/p>\n<p>Luego de recibir un oficio de colaboraci\u00f3n de la Fiscal\u00eda del Estado de Chiapas, la FGEO -a trav\u00e9s de la Vicefiscal\u00eda Regional del Istmo- activ\u00f3 de forma inmediata las acciones para la b\u00fasqueda y pronta localizaci\u00f3n de la v\u00edctima, por lo que se realizaron operativos focalizados en esa regi\u00f3n.<\/p>\n<p>Derivado de las labores en torno al caso, elementos de la Agencia Estatal de Investigaciones (AEI) lograron dar con el paradero de N.I.C.V., quien fue presentada para su declaraci\u00f3n ministerial y posterior restituci\u00f3n con sus familiares.<\/p>\n<p>La denuncia es parte prioritaria dentro de los procesos de investigaci\u00f3n y b\u00fasqueda de personas no localizadas que efect\u00faa la Fiscal\u00eda General del Estado de Oaxaca, a trav\u00e9s de las \u00e1reas especializadas.<\/p>\n<p><img fetchpriority=\"high\" decoding=\"async\" class=\"alignnone size-medium wp-image-8772\" src=\"https:\/\/portal.fgeo.gob.mx\/wp-content\/uploads\/2025\/04\/WhatsApp-Image-2025-04-16-at-11.21.13-AM-209x300.jpeg\" alt=\"\" width=\"209\" height=\"300\" \/><\/p>\n<p>&nbsp;<\/p>\n","protected":false},"author":2,"featured_media":8773,"comment_status":"closed","ping_status":"closed","template":"","tags":[],"categoria_noticias":[],"class_list":["post-16697","noticias","type-noticias","status-publish","has-post-thumbnail","hentry"],"acf":[],"mb":[],"mfb_rest_fields":["title","gutenberg_elementor_mode"],"_links":{"self":[{"href":"https:\/\/portal.fgeo.gob.mx\/index.php\/wp-json\/wp\/v2\/noticias\/16697","targetHints":{"allow":["GET"]}}],"collection":[{"href":"https:\/\/portal.fgeo.gob.mx\/index.php\/wp-json\/wp\/v2\/noticias"}],"about":[{"href":"https:\/\/portal.fgeo.gob.mx\/index.php\/wp-json\/wp\/v2\/types\/noticias"}],"author":[{"embeddable":true,"href":"https:\/\/portal.fgeo.gob.mx\/index.php\/wp-json\/wp\/v2\/users\/2"}],"replies":[{"embeddable":true,"href":"https:\/\/portal.fgeo.gob.mx\/index.php\/wp-json\/wp\/v2\/comments?post=16697"}],"wp:featuredmedia":[{"embeddable":true,"href":"https:\/\/portal.fgeo.gob.mx\/index.php\/wp-json\/"}],"wp:attachment":[{"href":"https:\/\/portal.fgeo.gob.mx\/index.php\/wp-json\/wp\/v2\/media?parent=16697"}],"wp:term":[{"taxonomy":"post_tag","embeddable":true,"href":"https:\/\/portal.fgeo.gob.mx\/index.php\/wp-json\/wp\/v2\/tags?post=16697"},{"taxonomy":"categoria_noticias","embeddable":true,"href":"https:\/\/portal.fgeo.gob.mx\/index.php\/wp-json\/wp\/v2\/categoria_noticias?post=16697"}],"curies":[{"name":"wp","href":"https:\/\/api.w.org\/{rel}","templated":true}]}}