{"id":16695,"date":"2025-04-15T15:00:27","date_gmt":"2025-04-15T21:00:27","guid":{"rendered":"https:\/\/fge.oaxaca.gob.mx\/?post_type=noticias&amp;p=8756"},"modified":"2025-04-15T15:00:27","modified_gmt":"2025-04-15T21:00:27","slug":"boletin-1386-fiscalia-de-oaxaca-ejecutan-orden-de-aprehension-por-homicidio-cometido-en-el-istmo-en-operativo-detienen-a-imputado-en-veracruz","status":"publish","type":"noticias","link":"https:\/\/portal.fgeo.gob.mx\/index.php\/archivos\/noticias\/boletin-1386-fiscalia-de-oaxaca-ejecutan-orden-de-aprehension-por-homicidio-cometido-en-el-istmo-en-operativo-detienen-a-imputado-en-veracruz","title":{"rendered":"BOLET\u00cdN 1,386.- Fiscal\u00eda de Oaxaca ejecutan orden de aprehensi\u00f3n por homicidio cometido en el Istmo; en operativo, detienen a imputado en Veracruz"},"content":{"rendered":"<p><strong>Oaxaca de Ju\u00e1rez a 15 de abril de 2025.- <\/strong>La Fiscal\u00eda General del Estado de Oaxaca (FGEO), en colaboraci\u00f3n interinstitucional con la Fiscal\u00eda del Estado de Veracruz, ejecutaron una orden de aprehensi\u00f3n que permiti\u00f3 la detenci\u00f3n de una persona del sexo masculino identificada como L.A.G.T., por el delito de Homicidio Calificado con Ventaja, cometido en la regi\u00f3n del Istmo de Tehuantepec.<\/p>\n<p>De acuerdo con en el expediente penal del caso, los hechos ocurrieron la noche del 18 de octubre de 2020, cuando la v\u00edctima se encontraba frente a un establecimiento comercial ubicado en la Carretera Federal Trans\u00edstmica, en jurisdicci\u00f3n de la poblaci\u00f3n de Palomares perteneciente al municipio de Mat\u00edas Romero, lugar donde fue atacado y privado de la vida con una botella de vidrio.<\/p>\n<p>Al tener conocimiento de los hechos, la Fiscal\u00eda de Oaxaca inici\u00f3 las investigaciones ministeriales correspondientes en la regi\u00f3n del Istmo y derivado de los resultados, el caso qued\u00f3 a cargo de la\u00a0 Vicefiscal\u00eda Regional de la Cuenca, logrando obtener una orden de aprehensi\u00f3n en contra de L.A.G.T., por el delito de homicidio calificado con ventaja.<\/p>\n<p>Una vez realizadas las labores de localizaci\u00f3n, se pudo establecer que L.A.G.T. se encontraba en el estado de Veracruz, por lo que se solicit\u00f3 la colaboraci\u00f3n con la Fiscal\u00eda de aquella entidad para la ejecuci\u00f3n de la orden de aprehensi\u00f3n en su contra.<\/p>\n<p>Derivado de un operativo conjunto, se logr\u00f3 la detenci\u00f3n en el Puerto de Veracruz, en el operativo en el que participaron elementos de la Agencia Estatal de Investigaciones de Oaxaca y de la Polic\u00eda Ministerial de Veracruz, por lo que, posteriormente se efectuaron los tr\u00e1mites legales pertinentes para su traslado a la entidad oaxaque\u00f1a para ponerlo a disposici\u00f3n de la autoridad ministerial correspondiente.<\/p>\n<p>La Fiscal\u00eda General garantiza investigaciones exhaustivas para esclarecer delitos, aplicando todo el rigor de la Ley a quien o quienes resulten responsables.<\/p>\n<p><img decoding=\"async\" class=\"alignnone size-medium wp-image-8757\" src=\"https:\/\/portal.fgeo.gob.mx\/wp-content\/uploads\/2025\/04\/WhatsApp-Image-2025-04-14-at-2.07.22-PM-300x139.jpeg\" alt=\"\" width=\"300\" height=\"139\" \/><\/p>\n<p>&nbsp;<\/p>\n","protected":false},"author":2,"featured_media":8685,"comment_status":"closed","ping_status":"closed","template":"","tags":[],"categoria_noticias":[],"class_list":["post-16695","noticias","type-noticias","status-publish","has-post-thumbnail","hentry"],"acf":[],"mb":[],"mfb_rest_fields":["title","gutenberg_elementor_mode"],"_links":{"self":[{"href":"https:\/\/portal.fgeo.gob.mx\/index.php\/wp-json\/wp\/v2\/noticias\/16695","targetHints":{"allow":["GET"]}}],"collection":[{"href":"https:\/\/portal.fgeo.gob.mx\/index.php\/wp-json\/wp\/v2\/noticias"}],"about":[{"href":"https:\/\/portal.fgeo.gob.mx\/index.php\/wp-json\/wp\/v2\/types\/noticias"}],"author":[{"embeddable":true,"href":"https:\/\/portal.fgeo.gob.mx\/index.php\/wp-json\/wp\/v2\/users\/2"}],"replies":[{"embeddable":true,"href":"https:\/\/portal.fgeo.gob.mx\/index.php\/wp-json\/wp\/v2\/comments?post=16695"}],"wp:featuredmedia":[{"embeddable":true,"href":"https:\/\/portal.fgeo.gob.mx\/index.php\/wp-json\/"}],"wp:attachment":[{"href":"https:\/\/portal.fgeo.gob.mx\/index.php\/wp-json\/wp\/v2\/media?parent=16695"}],"wp:term":[{"taxonomy":"post_tag","embeddable":true,"href":"https:\/\/portal.fgeo.gob.mx\/index.php\/wp-json\/wp\/v2\/tags?post=16695"},{"taxonomy":"categoria_noticias","embeddable":true,"href":"https:\/\/portal.fgeo.gob.mx\/index.php\/wp-json\/wp\/v2\/categoria_noticias?post=16695"}],"curies":[{"name":"wp","href":"https:\/\/api.w.org\/{rel}","templated":true}]}}