{"id":16686,"date":"2025-04-11T12:34:39","date_gmt":"2025-04-11T18:34:39","guid":{"rendered":"https:\/\/fge.oaxaca.gob.mx\/?post_type=noticias&amp;p=8716"},"modified":"2025-04-11T12:34:39","modified_gmt":"2025-04-11T18:34:39","slug":"boletin-1376-fiscalia-de-oaxaca-logra-sentencia-de-22-anos-de-prision-contra-responsable-de-lesiones-calificadas-por-agresion-con-disparos-de-arma-de-fuego-cometido-en-la-region-de-la-costa","status":"publish","type":"noticias","link":"https:\/\/portal.fgeo.gob.mx\/index.php\/archivos\/noticias\/boletin-1376-fiscalia-de-oaxaca-logra-sentencia-de-22-anos-de-prision-contra-responsable-de-lesiones-calificadas-por-agresion-con-disparos-de-arma-de-fuego-cometido-en-la-region-de-la-costa","title":{"rendered":"BOLET\u00cdN 1,376.- Fiscal\u00eda de Oaxaca logra sentencia de 22 a\u00f1os de prisi\u00f3n contra responsable de lesiones calificadas por agresi\u00f3n con disparos de arma de fuego, cometido en la regi\u00f3n de la Costa"},"content":{"rendered":"<p>&nbsp;<\/p>\n<p><strong>Oaxaca de Ju\u00e1rez a 11 de abril de 2025.- <\/strong>Las labores de investigaci\u00f3n ministerial especializada que realiza la Fiscal\u00eda General del Estado de Oaxaca (FGEO), dieron como resultado la obtenci\u00f3n de una sentencia condenatoria de 22 a\u00f1os y ocho meses de prisi\u00f3n en contra de una persona del sexo masculino identificado como S.G.R., por el delito de Lesiones Calificadas en agravio de V.A.G.M. o V.A.M, en hechos ocurridos en la regi\u00f3n de la Costa.<\/p>\n<p>De acuerdo con expediente penal, los hechos ocurrieron el 31 de marzo de 2002, cuando la v\u00edctima se encontraba en la comunidad de Camotinch\u00e1n del municipio de San Sebasti\u00e1n Ixcapa, distrito de Jamiltepec, lugar donde lleg\u00f3 S.G.R., y agredi\u00f3 con disparos de arma de fuego a la v\u00edctima, dej\u00e1ndolo con lesiones en diversas partes del cuerpo.<\/p>\n<p>Una vez que la FGEO tom\u00f3 conocimiento del caso inici\u00f3 las investigaciones a trav\u00e9s de la Vicefiscal\u00eda Regional de la Costa, lo que permiti\u00f3 la detenci\u00f3n por orden de aprehensi\u00f3n de S.G.R., quien fue presentado ante la autoridad que lo requiri\u00f3.<\/p>\n<p>Luego de evaluar los datos de prueba aportados por la Fiscal\u00eda de Oaxaca, el Juez que atiende la causa en audiencia, dict\u00f3 sentencia condenatoria de 22 a\u00f1os y ocho meses de prisi\u00f3n en contra de S.G.R., por su responsabilidad en la comisi\u00f3n del delito de lesiones calificadas, adem\u00e1s de imponer el pago por concepto de reparaci\u00f3n del da\u00f1o.<\/p>\n<p>La Fiscal\u00eda General garantiza investigaciones exhaustivas para esclarecer delitos, aplicando las herramientas legales para castigar a quien o quienes resulten responsables.<\/p>\n<p>&nbsp;<\/p>\n<p>&nbsp;<\/p>\n","protected":false},"author":2,"featured_media":8685,"comment_status":"closed","ping_status":"closed","template":"","tags":[],"categoria_noticias":[],"class_list":["post-16686","noticias","type-noticias","status-publish","has-post-thumbnail","hentry"],"acf":[],"mb":[],"mfb_rest_fields":["title","gutenberg_elementor_mode"],"_links":{"self":[{"href":"https:\/\/portal.fgeo.gob.mx\/index.php\/wp-json\/wp\/v2\/noticias\/16686","targetHints":{"allow":["GET"]}}],"collection":[{"href":"https:\/\/portal.fgeo.gob.mx\/index.php\/wp-json\/wp\/v2\/noticias"}],"about":[{"href":"https:\/\/portal.fgeo.gob.mx\/index.php\/wp-json\/wp\/v2\/types\/noticias"}],"author":[{"embeddable":true,"href":"https:\/\/portal.fgeo.gob.mx\/index.php\/wp-json\/wp\/v2\/users\/2"}],"replies":[{"embeddable":true,"href":"https:\/\/portal.fgeo.gob.mx\/index.php\/wp-json\/wp\/v2\/comments?post=16686"}],"wp:featuredmedia":[{"embeddable":true,"href":"https:\/\/portal.fgeo.gob.mx\/index.php\/wp-json\/"}],"wp:attachment":[{"href":"https:\/\/portal.fgeo.gob.mx\/index.php\/wp-json\/wp\/v2\/media?parent=16686"}],"wp:term":[{"taxonomy":"post_tag","embeddable":true,"href":"https:\/\/portal.fgeo.gob.mx\/index.php\/wp-json\/wp\/v2\/tags?post=16686"},{"taxonomy":"categoria_noticias","embeddable":true,"href":"https:\/\/portal.fgeo.gob.mx\/index.php\/wp-json\/wp\/v2\/categoria_noticias?post=16686"}],"curies":[{"name":"wp","href":"https:\/\/api.w.org\/{rel}","templated":true}]}}