{"id":16681,"date":"2025-04-09T17:24:36","date_gmt":"2025-04-09T23:24:36","guid":{"rendered":"https:\/\/fge.oaxaca.gob.mx\/?post_type=noticias&amp;p=8706"},"modified":"2025-04-09T17:24:36","modified_gmt":"2025-04-09T23:24:36","slug":"boletin-1371-fiscalia-de-oaxaca-aprehende-en-chiapas-a-probable-responsable-de-homicidio-de-un-menor-de-edad","status":"publish","type":"noticias","link":"https:\/\/portal.fgeo.gob.mx\/index.php\/archivos\/noticias\/boletin-1371-fiscalia-de-oaxaca-aprehende-en-chiapas-a-probable-responsable-de-homicidio-de-un-menor-de-edad","title":{"rendered":"BOLET\u00cdN 1,371.- Fiscal\u00eda de Oaxaca aprehende en Chiapas a probable responsable de homicidio de un menor de edad"},"content":{"rendered":"<p style=\"font-weight: 400\">Oaxaca de Ju\u00e1rez a 09\u00a0 de abril\u00a0 de 2025.- Derivado de los trabajos de inteligencia criminal que lleva a cabo la Fiscal\u00eda General del Estado de Oaxaca (FGEO) en coordinaci\u00f3n con la Secretar\u00eda de la Defensa Nacional (DEFENSA) y la Secretar\u00eda de Marina, localizaron y ejecutaron una orden de aprehensi\u00f3n en contra de una persona identificada como S.R.M., por el delito de homicidio calificado cometido en contra de un menor de edad, hechos ocurridos en el Istmo de Tehuantepec.<\/p>\n<p style=\"font-weight: 400\">\n<p style=\"font-weight: 400\">De acuerdo con el expediente penal, los hechos ocurrieron el 11 de febrero de 2025 en la localidad de Chahuites, mientras la v\u00edctima -un menor de edad, cuyos datos est\u00e1n reservados por ley- se encontraba en su domicilio, lugar al que lleg\u00f3 a una persona, bordo de una motocicleta y realiz\u00f3 disparos con un arma de fuego hiriendo a la v\u00edctima, quien debido a las lesiones perdi\u00f3 la vida.<\/p>\n<p style=\"font-weight: 400\">\n<p style=\"font-weight: 400\">La FGEO inici\u00f3 las indagatorias preliminares, adem\u00e1s de realizar labores de inteligencia criminal en las que participaron personal de la Agencia Estatal de Investigaciones y de la Vicefiscal\u00eda Regional del Istmo, as\u00ed como la DEFENSA ya la Marina, lo que permiti\u00f3 la localizaci\u00f3n de S.R.M., en la ciudad de Arriaga, Chiapas.<\/p>\n<p style=\"font-weight: 400\">\n<p style=\"font-weight: 400\">Derivado de los trabajos de colaboraci\u00f3n entre la Fiscal\u00eda del Estado de Chiapas y la FGEO, fue posible la ejecuci\u00f3n de la orden de aprehensi\u00f3n en contra de S.R.M., en la ciudad de Arriaga.<\/p>\n<p style=\"font-weight: 400\">\n<p style=\"font-weight: 400\">Tras la captura, se realizaron los tr\u00e1mites pertinentes para el traslado de S.R.M., a la ciudad de Oaxaca para que sea puesto a disposici\u00f3n de la autoridad ministerial correspondiente y se determine su situaci\u00f3n jur\u00eddica.<\/p>\n<p style=\"font-weight: 400\">\n<p style=\"font-weight: 400\">La Fiscal\u00eda General del Estado de Oaxaca est\u00e1 comprometida con el combate a delitos de alto impacto, por ello, realiza en forma prioritaria los trabajos ministeriales en este tipo de casos para poder presentar ante la justicia a quien o quienes resulten responsables.<\/p>\n<p style=\"font-weight: 400\">\n<figure id=\"attachment_8707\" aria-describedby=\"caption-attachment-8707\" style=\"width: 300px\" class=\"wp-caption alignnone\"><img decoding=\"async\" class=\"size-medium wp-image-8707\" src=\"https:\/\/portal.fgeo.gob.mx\/wp-content\/uploads\/2025\/04\/Dise%C3%B1o-sin-t%C3%ADtulo-1-2-300x81.jpg\" alt=\"\" width=\"300\" height=\"81\" \/><figcaption id=\"caption-attachment-8707\" class=\"wp-caption-text\">Dise\u00f1o sin t\u00edtulo &#8211; 1<\/figcaption><\/figure>\n","protected":false},"author":2,"featured_media":8685,"comment_status":"closed","ping_status":"closed","template":"","tags":[],"categoria_noticias":[],"class_list":["post-16681","noticias","type-noticias","status-publish","has-post-thumbnail","hentry"],"acf":[],"mb":[],"mfb_rest_fields":["title","gutenberg_elementor_mode"],"_links":{"self":[{"href":"https:\/\/portal.fgeo.gob.mx\/index.php\/wp-json\/wp\/v2\/noticias\/16681","targetHints":{"allow":["GET"]}}],"collection":[{"href":"https:\/\/portal.fgeo.gob.mx\/index.php\/wp-json\/wp\/v2\/noticias"}],"about":[{"href":"https:\/\/portal.fgeo.gob.mx\/index.php\/wp-json\/wp\/v2\/types\/noticias"}],"author":[{"embeddable":true,"href":"https:\/\/portal.fgeo.gob.mx\/index.php\/wp-json\/wp\/v2\/users\/2"}],"replies":[{"embeddable":true,"href":"https:\/\/portal.fgeo.gob.mx\/index.php\/wp-json\/wp\/v2\/comments?post=16681"}],"wp:featuredmedia":[{"embeddable":true,"href":"https:\/\/portal.fgeo.gob.mx\/index.php\/wp-json\/"}],"wp:attachment":[{"href":"https:\/\/portal.fgeo.gob.mx\/index.php\/wp-json\/wp\/v2\/media?parent=16681"}],"wp:term":[{"taxonomy":"post_tag","embeddable":true,"href":"https:\/\/portal.fgeo.gob.mx\/index.php\/wp-json\/wp\/v2\/tags?post=16681"},{"taxonomy":"categoria_noticias","embeddable":true,"href":"https:\/\/portal.fgeo.gob.mx\/index.php\/wp-json\/wp\/v2\/categoria_noticias?post=16681"}],"curies":[{"name":"wp","href":"https:\/\/api.w.org\/{rel}","templated":true}]}}