{"id":16680,"date":"2025-04-09T12:25:38","date_gmt":"2025-04-09T18:25:38","guid":{"rendered":"https:\/\/fge.oaxaca.gob.mx\/?post_type=noticias&amp;p=8703"},"modified":"2025-04-09T12:25:38","modified_gmt":"2025-04-09T18:25:38","slug":"boletin-1370-captura-fiscalia-de-oaxaca-a-dos-personas-por-homicidio-cometido-con-disparos-de-arma-de-fuego-en-la-sierra-sur","status":"publish","type":"noticias","link":"https:\/\/portal.fgeo.gob.mx\/index.php\/archivos\/noticias\/boletin-1370-captura-fiscalia-de-oaxaca-a-dos-personas-por-homicidio-cometido-con-disparos-de-arma-de-fuego-en-la-sierra-sur","title":{"rendered":"BOLET\u00cdN 1,370.- Captura Fiscal\u00eda de Oaxaca a dos personas por homicidio cometido con disparos de arma de fuego en la Sierra Sur"},"content":{"rendered":"<p style=\"font-weight: 400\"><strong>Oaxaca de Ju\u00e1rez, Oax., a 09 de abril de 2025.-<\/strong><strong>\u00a0<\/strong>La Fiscal\u00eda General del Estado de Oaxaca (FGEO) dio cumplimiento a una orden de aprehensi\u00f3n en contra de dos personas del sexo masculino identificadas como J.R.C. y J.G.R.C., por el delito de homicidio, ocurrido en la regi\u00f3n de la Sierra Sur.<\/p>\n<p style=\"font-weight: 400\">\n<p style=\"font-weight: 400\">De acuerdo con lo asentado en el expediente penal de caso, los hechos ocurrieron el 12 de marzo de 2025, cuando la v\u00edctima, un hombre identificado como G.M.P., se encontraba en la batea de una camioneta en el paraje R\u00edo Lim\u00f3n del municipio de Santa Ana Tavela, perteneciente al distrito de Yautepec, lugar donde fue atacado a balazos por un grupo de personas que se encontraban en la misma unidad de motor.<\/p>\n<p style=\"font-weight: 400\">\n<p style=\"font-weight: 400\">La investigaci\u00f3n revela que, derivado de las lesiones la v\u00edctima perdi\u00f3 la vida y el cuerpo fue abandonado y localizado tres d\u00edas despu\u00e9s en la carretera internacional 190 Tehuantepec a la altura del kil\u00f3metro 117+900.<\/p>\n<p style=\"font-weight: 400\">\n<p style=\"font-weight: 400\">Ante estos hechos, la Fiscal\u00eda General del Estado de Oaxaca, a trav\u00e9s de la Vicefiscal\u00eda Regional de los Valles Centrales, realiz\u00f3 las investigaciones correspondientes que permitieron obtener dos \u00f3rdenes de aprehensi\u00f3n en contra de J.R.C., y J.G.R.C., por el delito de homicidio.<\/p>\n<p style=\"font-weight: 400\">\n<p style=\"font-weight: 400\">Una vez localizados, ambos fueron detenidos por elementos de la Agencia Estatal de Investigaciones (AEI), posteriormente fueron puestos a disposici\u00f3n de la autoridad ministerial correspondiente en espera de la formulaci\u00f3n de imputaci\u00f3n para su proceso legal.<\/p>\n<p style=\"font-weight: 400\">\n<p style=\"font-weight: 400\">La Fiscal\u00eda General garantiza investigaciones exhaustivas para esclarecer delitos, aplicando las herramientas legales para castigar a quien o quienes resulten responsables.<\/p>\n<p><img fetchpriority=\"high\" decoding=\"async\" class=\"size-medium wp-image-8704\" src=\"https:\/\/portal.fgeo.gob.mx\/wp-content\/uploads\/2025\/04\/Dise%C3%B1o-sin-t%C3%ADtulo-1-1-280x300.jpg\" alt=\"\" width=\"280\" height=\"300\" \/><\/p>\n<p><img decoding=\"async\" class=\"size-medium wp-image-8705\" src=\"https:\/\/portal.fgeo.gob.mx\/wp-content\/uploads\/2025\/04\/Dise%C3%B1o-sin-t%C3%ADtulo-11-249x300.jpg\" alt=\"\" width=\"249\" height=\"300\" \/><\/p>\n","protected":false},"author":2,"featured_media":8685,"comment_status":"closed","ping_status":"closed","template":"","tags":[],"categoria_noticias":[],"class_list":["post-16680","noticias","type-noticias","status-publish","has-post-thumbnail","hentry"],"acf":[],"mb":[],"mfb_rest_fields":["title","gutenberg_elementor_mode"],"_links":{"self":[{"href":"https:\/\/portal.fgeo.gob.mx\/index.php\/wp-json\/wp\/v2\/noticias\/16680","targetHints":{"allow":["GET"]}}],"collection":[{"href":"https:\/\/portal.fgeo.gob.mx\/index.php\/wp-json\/wp\/v2\/noticias"}],"about":[{"href":"https:\/\/portal.fgeo.gob.mx\/index.php\/wp-json\/wp\/v2\/types\/noticias"}],"author":[{"embeddable":true,"href":"https:\/\/portal.fgeo.gob.mx\/index.php\/wp-json\/wp\/v2\/users\/2"}],"replies":[{"embeddable":true,"href":"https:\/\/portal.fgeo.gob.mx\/index.php\/wp-json\/wp\/v2\/comments?post=16680"}],"wp:featuredmedia":[{"embeddable":true,"href":"https:\/\/portal.fgeo.gob.mx\/index.php\/wp-json\/"}],"wp:attachment":[{"href":"https:\/\/portal.fgeo.gob.mx\/index.php\/wp-json\/wp\/v2\/media?parent=16680"}],"wp:term":[{"taxonomy":"post_tag","embeddable":true,"href":"https:\/\/portal.fgeo.gob.mx\/index.php\/wp-json\/wp\/v2\/tags?post=16680"},{"taxonomy":"categoria_noticias","embeddable":true,"href":"https:\/\/portal.fgeo.gob.mx\/index.php\/wp-json\/wp\/v2\/categoria_noticias?post=16680"}],"curies":[{"name":"wp","href":"https:\/\/api.w.org\/{rel}","templated":true}]}}