{"id":16677,"date":"2025-04-08T13:05:06","date_gmt":"2025-04-08T19:05:06","guid":{"rendered":"https:\/\/fge.oaxaca.gob.mx\/?post_type=noticias&amp;p=8697"},"modified":"2025-04-08T13:05:06","modified_gmt":"2025-04-08T19:05:06","slug":"boletin-1367-obtiene-fiscalia-de-oaxaca-vinculacion-a-proceso-contra-imputado-por-tentativa-de-homicidio-tras-agresion-con-disparos-de-arma-de-fuego-en-contra-de-ex-presidenta-de-la-pe-en-los-val","status":"publish","type":"noticias","link":"https:\/\/portal.fgeo.gob.mx\/index.php\/archivos\/noticias\/boletin-1367-obtiene-fiscalia-de-oaxaca-vinculacion-a-proceso-contra-imputado-por-tentativa-de-homicidio-tras-agresion-con-disparos-de-arma-de-fuego-en-contra-de-ex-presidenta-de-la-pe-en-los-val","title":{"rendered":"BOLET\u00cdN 1,367.- Obtiene Fiscal\u00eda de Oaxaca vinculaci\u00f3n a proceso contra imputado por tentativa de homicidio, tras agresi\u00f3n con disparos de arma de fuego en contra de ex presidenta de la Pe, en los Valles Centrales"},"content":{"rendered":"<p style=\"font-weight: 400\"><strong>Oaxaca de Ju\u00e1rez, Oax., a 08 de abril de 2025.-<\/strong><strong>\u00a0<\/strong>La Fiscal\u00eda General del Estado de Oaxaca (FGEO) obtuvo auto de vinculaci\u00f3n a proceso para una persona del sexo masculino identificado como J.G.R., alias \u201cLa Vaca\u201d, por el delito de tentativa de homicidio calificado en agravio de una mujer, hechos ocurridos en la regi\u00f3n de los Valles Centrales.<\/p>\n<p style=\"font-weight: 400\">De acuerdo con en el expediente penal, los hechos ocurrieron el 02 de enero de 2025, cuando la v\u00edctima, una mujer identificada como T.A.C.C., ex presidenta municipal de la Pe, en el distrito de Ejutla, fue agredida con disparos de arma de fuego y result\u00f3 lesionada, cuando descend\u00eda de un veh\u00edculo del transporte p\u00fablico en inmediaciones del crucero de la poblaci\u00f3n El Vergel.<\/p>\n<p style=\"font-weight: 400\">Ante estos hechos, la Fiscal\u00eda de Oaxaca inici\u00f3 las investigaciones correspondientes a trav\u00e9s de la Vicefiscal\u00eda Regional de los Valles Centrales, lo que permiti\u00f3 la obtenci\u00f3n de una orden de aprehensi\u00f3n contra J.G.R., alias \u201cLa Vaca\u201d, que fue ejecutada por elementos de la Agencia Estatal de Investigaciones (AEI) una vez detenido, fue puesto a disposici\u00f3n de la autoridad correspondiente.<\/p>\n<p style=\"font-weight: 400\">Gracias a los datos de prueba aportados por el Ministerio P\u00fablico, el Juez de la causa determin\u00f3 vincular a proceso a J.G.R., alias \u201cLa Vaca\u201d, por el delito de tentativa de homicidio calificado, adem\u00e1s que dict\u00f3 la medida de prisi\u00f3n preventiva justificada y otorg\u00f3 el plazo de tres meses para el cierre de la investigaci\u00f3n complementaria.<\/p>\n<p style=\"font-weight: 400\">Para la Fiscal\u00eda General de Oaxaca, el empleo de protocolos y la aplicaci\u00f3n de t\u00e9cnicas cient\u00edficas en las investigaciones de cr\u00edmenes, permiten a esta instancia tener certeza en los trabajos de procuraci\u00f3n de justicia en el estado.<\/p>\n<p><img fetchpriority=\"high\" decoding=\"async\" class=\"size-medium wp-image-8698\" src=\"https:\/\/portal.fgeo.gob.mx\/wp-content\/uploads\/2025\/04\/Dise%C3%B1o-sin-t%C3%ADtulo-9-300x300.jpg\" alt=\"\" width=\"300\" height=\"300\" \/><\/p>\n","protected":false},"author":2,"featured_media":8685,"comment_status":"closed","ping_status":"closed","template":"","tags":[],"categoria_noticias":[],"class_list":["post-16677","noticias","type-noticias","status-publish","has-post-thumbnail","hentry"],"acf":[],"mb":[],"mfb_rest_fields":["title","gutenberg_elementor_mode"],"_links":{"self":[{"href":"https:\/\/portal.fgeo.gob.mx\/index.php\/wp-json\/wp\/v2\/noticias\/16677","targetHints":{"allow":["GET"]}}],"collection":[{"href":"https:\/\/portal.fgeo.gob.mx\/index.php\/wp-json\/wp\/v2\/noticias"}],"about":[{"href":"https:\/\/portal.fgeo.gob.mx\/index.php\/wp-json\/wp\/v2\/types\/noticias"}],"author":[{"embeddable":true,"href":"https:\/\/portal.fgeo.gob.mx\/index.php\/wp-json\/wp\/v2\/users\/2"}],"replies":[{"embeddable":true,"href":"https:\/\/portal.fgeo.gob.mx\/index.php\/wp-json\/wp\/v2\/comments?post=16677"}],"wp:featuredmedia":[{"embeddable":true,"href":"https:\/\/portal.fgeo.gob.mx\/index.php\/wp-json\/"}],"wp:attachment":[{"href":"https:\/\/portal.fgeo.gob.mx\/index.php\/wp-json\/wp\/v2\/media?parent=16677"}],"wp:term":[{"taxonomy":"post_tag","embeddable":true,"href":"https:\/\/portal.fgeo.gob.mx\/index.php\/wp-json\/wp\/v2\/tags?post=16677"},{"taxonomy":"categoria_noticias","embeddable":true,"href":"https:\/\/portal.fgeo.gob.mx\/index.php\/wp-json\/wp\/v2\/categoria_noticias?post=16677"}],"curies":[{"name":"wp","href":"https:\/\/api.w.org\/{rel}","templated":true}]}}