{"id":16672,"date":"2025-04-04T16:01:57","date_gmt":"2025-04-04T22:01:57","guid":{"rendered":"https:\/\/fge.oaxaca.gob.mx\/?post_type=noticias&amp;p=8686"},"modified":"2025-04-04T16:01:57","modified_gmt":"2025-04-04T22:01:57","slug":"boletin-1362-obtiene-fiscalia-de-oaxaca-vinculacion-a-proceso-y-prision-contra-una-persona-por-el-delito-de-homicidio-calificado-ocurrido-en-la-region-de-la-mixteca","status":"publish","type":"noticias","link":"https:\/\/portal.fgeo.gob.mx\/index.php\/archivos\/noticias\/boletin-1362-obtiene-fiscalia-de-oaxaca-vinculacion-a-proceso-y-prision-contra-una-persona-por-el-delito-de-homicidio-calificado-ocurrido-en-la-region-de-la-mixteca","title":{"rendered":"BOLET\u00cdN 1,362.- Obtiene Fiscal\u00eda de Oaxaca vinculaci\u00f3n a proceso y prisi\u00f3n contra una persona por el delito de homicidio calificado ocurrido en la regi\u00f3n de la Mixteca"},"content":{"rendered":"<p>&nbsp;<\/p>\n<p>* _ La v\u00edctima era originario de la zona triqui y formaba parte del Movimiento de Unificaci\u00f3n y Lucha Triqui Independiente _<\/p>\n<p><strong>Oaxaca de Ju\u00e1rez, Oax., a 04 de abril de 2025.-<\/strong> Como parte de las acciones de investigaci\u00f3n ministerial para combatir los delitos de alto impacto, la Fiscal\u00eda General del Estado de Oaxaca (FGEO) logr\u00f3 la aprehensi\u00f3n y vinculaci\u00f3n a proceso en contra de una persona del sexo masculino identificado como A.R.P., imputado por el delito de homicidio calificado con ventaja en agravio de un integrante del Movimiento de Unificaci\u00f3n y Lucha Triqui Independiente (MULTI), cometido en la regi\u00f3n Mixteca.<\/p>\n<p>De acuerdo con lo asentado en el expediente penal, el 02 de marzo del 2025, la v\u00edctima identificada como J.M.G., se encontraba en la poblaci\u00f3n de Agua Fr\u00eda Copala perteneciente al municipio de Santiago Juxtlahuaca, cuando fue sorprendido y agredido con disparos de arma de fuego, sufriendo lesiones que les ocasionaron la muerte.<\/p>\n<p>Derivado de los hechos, la Fiscal\u00eda de Oaxaca, a trav\u00e9s de la Vicefiscal\u00eda Regional de la Mixteca, inici\u00f3 los trabajos de investigaci\u00f3n e inteligencia criminal que permitieron obtener la orden de aprehensi\u00f3n correspondiente y posteriormente llevar a cabo la detenci\u00f3n de A.R.P.<\/p>\n<p>De acuerdo con los trabajos ministeriales en torno al caso que efect\u00faa la FGEO, se estableci\u00f3 que, la v\u00edctima J.M.G., era originario de la zona triqui e integrante del Movimiento de Unificaci\u00f3n y Lucha Triqui Independiente (MULTI).<\/p>\n<p>Una vez evaluados los datos de prueba aportados, el Juez en turno dict\u00f3 auto de vinculaci\u00f3n a proceso en contra de A.R.P., por el delito de homicidio calificado con ventaja, adem\u00e1s de imponer la medida cautelar de prisi\u00f3n preventiva definitiva y otorgar tres meses para el cierre de investigaci\u00f3n complementaria.<\/p>\n<p>La Fiscal\u00eda de Oaxaca garantiza investigaciones exhaustivas para esclarecer delitos, aplicando las herramientas legales para castigar a quien o quienes resulten responsables.<\/p>\n<p><img fetchpriority=\"high\" decoding=\"async\" class=\"size-medium wp-image-8687\" src=\"https:\/\/portal.fgeo.gob.mx\/wp-content\/uploads\/2025\/04\/Dise%C3%B1o-sin-t%C3%ADtulo-5-300x252.jpg\" alt=\"\" width=\"300\" height=\"252\" \/><\/p>\n","protected":false},"author":2,"featured_media":8685,"comment_status":"closed","ping_status":"closed","template":"","tags":[],"categoria_noticias":[],"class_list":["post-16672","noticias","type-noticias","status-publish","has-post-thumbnail","hentry"],"acf":[],"mb":[],"mfb_rest_fields":["title","gutenberg_elementor_mode"],"_links":{"self":[{"href":"https:\/\/portal.fgeo.gob.mx\/index.php\/wp-json\/wp\/v2\/noticias\/16672","targetHints":{"allow":["GET"]}}],"collection":[{"href":"https:\/\/portal.fgeo.gob.mx\/index.php\/wp-json\/wp\/v2\/noticias"}],"about":[{"href":"https:\/\/portal.fgeo.gob.mx\/index.php\/wp-json\/wp\/v2\/types\/noticias"}],"author":[{"embeddable":true,"href":"https:\/\/portal.fgeo.gob.mx\/index.php\/wp-json\/wp\/v2\/users\/2"}],"replies":[{"embeddable":true,"href":"https:\/\/portal.fgeo.gob.mx\/index.php\/wp-json\/wp\/v2\/comments?post=16672"}],"wp:featuredmedia":[{"embeddable":true,"href":"https:\/\/portal.fgeo.gob.mx\/index.php\/wp-json\/"}],"wp:attachment":[{"href":"https:\/\/portal.fgeo.gob.mx\/index.php\/wp-json\/wp\/v2\/media?parent=16672"}],"wp:term":[{"taxonomy":"post_tag","embeddable":true,"href":"https:\/\/portal.fgeo.gob.mx\/index.php\/wp-json\/wp\/v2\/tags?post=16672"},{"taxonomy":"categoria_noticias","embeddable":true,"href":"https:\/\/portal.fgeo.gob.mx\/index.php\/wp-json\/wp\/v2\/categoria_noticias?post=16672"}],"curies":[{"name":"wp","href":"https:\/\/api.w.org\/{rel}","templated":true}]}}