{"id":16669,"date":"2025-04-03T15:00:06","date_gmt":"2025-04-03T21:00:06","guid":{"rendered":"https:\/\/fge.oaxaca.gob.mx\/?post_type=noticias&amp;p=8679"},"modified":"2025-04-03T15:00:06","modified_gmt":"2025-04-03T21:00:06","slug":"boletin-1359-obtiene-fgeo-sentencia-condenatoria-de-17-anos-por-violacion-de-una-adolescente-cometida-en-cuilapam-de-guerrero","status":"publish","type":"noticias","link":"https:\/\/portal.fgeo.gob.mx\/index.php\/archivos\/noticias\/boletin-1359-obtiene-fgeo-sentencia-condenatoria-de-17-anos-por-violacion-de-una-adolescente-cometida-en-cuilapam-de-guerrero","title":{"rendered":"BOLET\u00cdN 1,359.- Obtiene FGEO sentencia condenatoria de 17 a\u00f1os por violaci\u00f3n de una adolescente, cometida en Cuil\u00e1pam de Guerrero"},"content":{"rendered":"<p><strong>Oaxaca de Ju\u00e1rez, Oax., a 03 de abril de 2025.-<\/strong> Como parte de las acciones para atender en forma prioritaria la investigaci\u00f3n de delitos cometidos en contra de ni\u00f1as, ni\u00f1os y adolescentes, la Fiscal\u00eda General del Estado de Oaxaca (FGEO) obtuvo una sentencia condenatoria de 17 a\u00f1os en contra de una persona del sexo masculino identificada como P.L.V. por el delito de violaci\u00f3n cometido en agravio de una adolescente, hechos ocurridos en la regi\u00f3n de Valles Centrales.<\/p>\n<p>De acuerdo con el expediente penal, los hechos ocurrieron en agosto del 2020, cuando la v\u00edctima \u00a0\u00a0\u00a0\u00a0\u00a0-una adolescente, cuyos datos est\u00e1n reservados por ley- se encontraba en un domicilio localizado en el Barrio Guadalupe del municipio de Cuil\u00e1pam de Guerrero, lugar en que el imputado la amenaz\u00f3 y posteriormente la agredi\u00f3.<\/p>\n<p>Derivado de la denuncia penal, la FGEO inici\u00f3 las investigaciones a trav\u00e9s de un equipo multidisciplinario de la Fiscal\u00eda Especializada en Justicia para Ni\u00f1as, Ni\u00f1os y Adolescentes, adem\u00e1s realiz\u00f3 los trabajos ministeriales correspondientes, lo que permiti\u00f3 obtener una orden de aprehensi\u00f3n en contra del imputado y llevarlo ante el Juez que lo requiri\u00f3.<\/p>\n<p>Tras el desahogo de las pruebas presentadas por la Fiscal\u00eda de Oaxaca, el Juez de la causa dict\u00f3 sentencia condenatoria de 17 a\u00f1os de prisi\u00f3n en contra de P.L.V., por el delito de violaci\u00f3n, adem\u00e1s de imponer una multa econ\u00f3mica y la reparaci\u00f3n del da\u00f1o en abstracto.<\/p>\n<p>La Fiscal\u00eda General del Estado de Oaxaca est\u00e1 comprometida con garantizar procesos de procuraci\u00f3n de justicia con perspectiva de infancia y adolescencia en los casos en los que las v\u00edctimas del delito sean ni\u00f1as, ni\u00f1os o adolescentes, esto con el objetivo de garantizarles procesos adecuados y eficientes que les permitan acceder plenamente a su derecho a la justicia y reparaci\u00f3n del da\u00f1o.<\/p>\n","protected":false},"author":2,"featured_media":8624,"comment_status":"closed","ping_status":"closed","template":"","tags":[],"categoria_noticias":[],"class_list":["post-16669","noticias","type-noticias","status-publish","has-post-thumbnail","hentry"],"acf":[],"mb":[],"mfb_rest_fields":["title","gutenberg_elementor_mode"],"_links":{"self":[{"href":"https:\/\/portal.fgeo.gob.mx\/index.php\/wp-json\/wp\/v2\/noticias\/16669","targetHints":{"allow":["GET"]}}],"collection":[{"href":"https:\/\/portal.fgeo.gob.mx\/index.php\/wp-json\/wp\/v2\/noticias"}],"about":[{"href":"https:\/\/portal.fgeo.gob.mx\/index.php\/wp-json\/wp\/v2\/types\/noticias"}],"author":[{"embeddable":true,"href":"https:\/\/portal.fgeo.gob.mx\/index.php\/wp-json\/wp\/v2\/users\/2"}],"replies":[{"embeddable":true,"href":"https:\/\/portal.fgeo.gob.mx\/index.php\/wp-json\/wp\/v2\/comments?post=16669"}],"wp:featuredmedia":[{"embeddable":true,"href":"https:\/\/portal.fgeo.gob.mx\/index.php\/wp-json\/"}],"wp:attachment":[{"href":"https:\/\/portal.fgeo.gob.mx\/index.php\/wp-json\/wp\/v2\/media?parent=16669"}],"wp:term":[{"taxonomy":"post_tag","embeddable":true,"href":"https:\/\/portal.fgeo.gob.mx\/index.php\/wp-json\/wp\/v2\/tags?post=16669"},{"taxonomy":"categoria_noticias","embeddable":true,"href":"https:\/\/portal.fgeo.gob.mx\/index.php\/wp-json\/wp\/v2\/categoria_noticias?post=16669"}],"curies":[{"name":"wp","href":"https:\/\/api.w.org\/{rel}","templated":true}]}}