{"id":16668,"date":"2025-04-03T12:49:23","date_gmt":"2025-04-03T18:49:23","guid":{"rendered":"https:\/\/fge.oaxaca.gob.mx\/?post_type=noticias&amp;p=8677"},"modified":"2025-04-03T12:49:23","modified_gmt":"2025-04-03T18:49:23","slug":"fiscalia-de-oaxaca-ejecuta-orden-de-aprehension-por-pederastia-cometida-en-un-centro-educativo-de-la-villa-de-etla","status":"publish","type":"noticias","link":"https:\/\/portal.fgeo.gob.mx\/index.php\/archivos\/noticias\/fiscalia-de-oaxaca-ejecuta-orden-de-aprehension-por-pederastia-cometida-en-un-centro-educativo-de-la-villa-de-etla","title":{"rendered":"BOLET\u00cdN 1,358.- Fiscal\u00eda de Oaxaca ejecuta orden de aprehensi\u00f3n por pederastia cometida en un centro educativo de la Villa de Etla"},"content":{"rendered":"<p style=\"font-weight: 400\"><strong>Oaxaca de Ju\u00e1rez, Oax., a 03 de abril de 2025.-<\/strong><strong>\u00a0<\/strong>La importancia de la denuncia por parte de las v\u00edctimas y la actuaci\u00f3n expedita de la Fiscal\u00eda General del Estado de Oaxaca (FGEO), fue clave para la ejecuci\u00f3n de una orden de aprehensi\u00f3n por la cual fue detenido A.R.V., por el delito de Pederastia en agravio de un menor de edad (cuya identidad est\u00e1 reservada por ley), en hechos cometidos en la regi\u00f3n de los Valles Centrales.<\/p>\n<p style=\"font-weight: 400\">De acuerdo con el expediente penal del caso, los hechos ocurrieron el 16 de octubre del 2024, en un Internado de Educaci\u00f3n Primaria ubicado en el municipio de la Villa de Etla, lugar donde la v\u00edctima fue agredida.<\/p>\n<p style=\"font-weight: 400\">A partir de la denuncia, la FGEO inici\u00f3 las investigaciones ministeriales que corrieron a cargo de la Vicefiscal\u00eda de Control Regional, que luego de obtener la orden de aprehensi\u00f3n, se enfocaron en las labores de b\u00fasqueda y localizaci\u00f3n las cuales permitieron dar con el paradero de A.R.V.<\/p>\n<p style=\"font-weight: 400\">Tras la detenci\u00f3n de A.R.V., este fue llevado al Instituto de Servicio Periciales para su certificaci\u00f3n m\u00e9dica y enseguida qued\u00f3 a disposici\u00f3n de la autoridad correspondiente que resolver\u00e1 su situaci\u00f3n jur\u00eddica en las pr\u00f3ximas horas.<\/p>\n<p style=\"font-weight: 400\">La Fiscal\u00eda General del Estado de Oaxaca prioriza las investigaciones relacionadas con delitos cometidos contra las mujeres, ni\u00f1as y adolescentes, para presentar ante la justicia a los responsables a fin de garantizar el derecho a una vida libre de violencia.<\/p>\n<figure id=\"attachment_8678\" aria-describedby=\"caption-attachment-8678\" style=\"width: 244px\" class=\"wp-caption alignnone\"><img fetchpriority=\"high\" decoding=\"async\" class=\"size-medium wp-image-8678\" src=\"https:\/\/portal.fgeo.gob.mx\/wp-content\/uploads\/2025\/04\/Dise%C3%B1o-sin-t%C3%ADtulo-2-244x300.jpg\" alt=\"\" width=\"244\" height=\"300\" \/><figcaption id=\"caption-attachment-8678\" class=\"wp-caption-text\">Dise\u00f1o sin t\u00edtulo &#8211; 1<\/figcaption><\/figure>\n","protected":false},"author":2,"featured_media":8624,"comment_status":"closed","ping_status":"closed","template":"","tags":[],"categoria_noticias":[],"class_list":["post-16668","noticias","type-noticias","status-publish","has-post-thumbnail","hentry"],"acf":[],"mb":[],"mfb_rest_fields":["title","gutenberg_elementor_mode"],"_links":{"self":[{"href":"https:\/\/portal.fgeo.gob.mx\/index.php\/wp-json\/wp\/v2\/noticias\/16668","targetHints":{"allow":["GET"]}}],"collection":[{"href":"https:\/\/portal.fgeo.gob.mx\/index.php\/wp-json\/wp\/v2\/noticias"}],"about":[{"href":"https:\/\/portal.fgeo.gob.mx\/index.php\/wp-json\/wp\/v2\/types\/noticias"}],"author":[{"embeddable":true,"href":"https:\/\/portal.fgeo.gob.mx\/index.php\/wp-json\/wp\/v2\/users\/2"}],"replies":[{"embeddable":true,"href":"https:\/\/portal.fgeo.gob.mx\/index.php\/wp-json\/wp\/v2\/comments?post=16668"}],"wp:featuredmedia":[{"embeddable":true,"href":"https:\/\/portal.fgeo.gob.mx\/index.php\/wp-json\/"}],"wp:attachment":[{"href":"https:\/\/portal.fgeo.gob.mx\/index.php\/wp-json\/wp\/v2\/media?parent=16668"}],"wp:term":[{"taxonomy":"post_tag","embeddable":true,"href":"https:\/\/portal.fgeo.gob.mx\/index.php\/wp-json\/wp\/v2\/tags?post=16668"},{"taxonomy":"categoria_noticias","embeddable":true,"href":"https:\/\/portal.fgeo.gob.mx\/index.php\/wp-json\/wp\/v2\/categoria_noticias?post=16668"}],"curies":[{"name":"wp","href":"https:\/\/api.w.org\/{rel}","templated":true}]}}