{"id":16667,"date":"2025-04-03T09:56:51","date_gmt":"2025-04-03T15:56:51","guid":{"rendered":"https:\/\/fge.oaxaca.gob.mx\/?post_type=noticias&amp;p=8675"},"modified":"2025-04-03T09:56:51","modified_gmt":"2025-04-03T15:56:51","slug":"boletin-1357-fiscalia-de-oaxaca-solicita-vinculacion-a-proceso-contra-imputado-por-tentativa-de-homicidio-tras-agresion-con-disparos-de-arma-de-fuego-en-contra-de-ex-presidenta-de-la-pe-en-los-va","status":"publish","type":"noticias","link":"https:\/\/portal.fgeo.gob.mx\/index.php\/archivos\/noticias\/boletin-1357-fiscalia-de-oaxaca-solicita-vinculacion-a-proceso-contra-imputado-por-tentativa-de-homicidio-tras-agresion-con-disparos-de-arma-de-fuego-en-contra-de-ex-presidenta-de-la-pe-en-los-va","title":{"rendered":"BOLET\u00cdN 1,357.- Fiscal\u00eda de Oaxaca solicita vinculaci\u00f3n a proceso contra imputado por tentativa de homicidio, tras agresi\u00f3n con disparos de arma de fuego en contra de ex presidenta de la Pe, en los Valles Centrales"},"content":{"rendered":"<p style=\"font-weight: 400\"><strong>Oaxaca de Ju\u00e1rez, Oax., a 03 de abril de 2025.-<\/strong><strong>\u00a0<\/strong>La Fiscal\u00eda General del Estado de Oaxaca (FGEO) solicit\u00f3 el auto de vinculaci\u00f3n a proceso en contra de una persona del sexo masculino identificado como J.G.R., alias &#8220;La Vaca&#8221;, por el delito de tentativa de homicidio calificado en agravio de una mujer, ocurrido en la regi\u00f3n de los Valles Centrales.<\/p>\n<p style=\"font-weight: 400\">De acuerdo con el expediente penal del caso, los hechos ocurrieron el 02 de enero de 2025, cuando la v\u00edctima, una mujer identificada como T.A.C.C., ex presidenta municipal de la Pe, en el distrito de Ejutla, fue agredida con disparos de arma de fuego y result\u00f3 lesionada, cuando descend\u00eda de un veh\u00edculo del transporte p\u00fablico en inmediaciones del crucero de la poblaci\u00f3n El Vergel.<\/p>\n<p style=\"font-weight: 400\">Derivado de los hechos, la Fiscal\u00eda General del Estado de Oaxaca, a trav\u00e9s de la Vicefiscal\u00eda Regional de los Valles Centrales, despleg\u00f3 a la escena del ataque un equipo multidisciplinario para realizar las indagatorias correspondientes y perfilar las l\u00edneas de investigaci\u00f3n en torno al caso, que posteriormente, permitieron obtener la orden de aprehensi\u00f3n en contra de J.G.R., por el delito de te tentativa de homicidio calificado.<\/p>\n<p style=\"font-weight: 400\">Una vez localizado, J.G.R. fue detenido por elementos de la Agencia Estatal de Investigaciones (AEI), y posteriormente qued\u00f3 a disposici\u00f3n de la autoridad judicial competente que, derivado de las pruebas aportadas en la investigaci\u00f3n, comunic\u00f3 imputaci\u00f3n y el Ministerio P\u00fablico solicit\u00f3 la vinculaci\u00f3n a proceso en contra de J.G.R., alias &#8220;La Vaca&#8221;, a quien impusieron prisi\u00f3n preventiva justificada, en tanto se resuelve su situaci\u00f3n legal.<\/p>\n<p style=\"font-weight: 400\">La Fiscal\u00eda General garantiza investigaciones exhaustivas para esclarecer delitos, aplicando las herramientas legales para castigar a quien o quienes resulten responsables.<\/p>\n<p style=\"font-weight: 400\"><img fetchpriority=\"high\" decoding=\"async\" class=\"alignnone size-medium wp-image-8676\" src=\"https:\/\/portal.fgeo.gob.mx\/wp-content\/uploads\/2025\/04\/Dise%C3%B1o-sin-t%C3%ADtulo-1-300x225.jpg\" alt=\"\" width=\"300\" height=\"225\" \/><\/p>\n","protected":false},"author":2,"featured_media":8546,"comment_status":"closed","ping_status":"closed","template":"","tags":[],"categoria_noticias":[],"class_list":["post-16667","noticias","type-noticias","status-publish","has-post-thumbnail","hentry"],"acf":[],"mb":[],"mfb_rest_fields":["title","gutenberg_elementor_mode"],"_links":{"self":[{"href":"https:\/\/portal.fgeo.gob.mx\/index.php\/wp-json\/wp\/v2\/noticias\/16667","targetHints":{"allow":["GET"]}}],"collection":[{"href":"https:\/\/portal.fgeo.gob.mx\/index.php\/wp-json\/wp\/v2\/noticias"}],"about":[{"href":"https:\/\/portal.fgeo.gob.mx\/index.php\/wp-json\/wp\/v2\/types\/noticias"}],"author":[{"embeddable":true,"href":"https:\/\/portal.fgeo.gob.mx\/index.php\/wp-json\/wp\/v2\/users\/2"}],"replies":[{"embeddable":true,"href":"https:\/\/portal.fgeo.gob.mx\/index.php\/wp-json\/wp\/v2\/comments?post=16667"}],"wp:featuredmedia":[{"embeddable":true,"href":"https:\/\/portal.fgeo.gob.mx\/index.php\/wp-json\/"}],"wp:attachment":[{"href":"https:\/\/portal.fgeo.gob.mx\/index.php\/wp-json\/wp\/v2\/media?parent=16667"}],"wp:term":[{"taxonomy":"post_tag","embeddable":true,"href":"https:\/\/portal.fgeo.gob.mx\/index.php\/wp-json\/wp\/v2\/tags?post=16667"},{"taxonomy":"categoria_noticias","embeddable":true,"href":"https:\/\/portal.fgeo.gob.mx\/index.php\/wp-json\/wp\/v2\/categoria_noticias?post=16667"}],"curies":[{"name":"wp","href":"https:\/\/api.w.org\/{rel}","templated":true}]}}