{"id":16665,"date":"2025-04-02T13:30:27","date_gmt":"2025-04-02T19:30:27","guid":{"rendered":"https:\/\/fge.oaxaca.gob.mx\/?post_type=noticias&amp;p=8672"},"modified":"2025-04-02T13:30:27","modified_gmt":"2025-04-02T19:30:27","slug":"boletin-1355-fiscalia-de-oaxaca-detiene-a-objetivo-prioritario-por-narcomenudeo-que-operaba-en-la-region-el-istmo-de-tehuantepec","status":"publish","type":"noticias","link":"https:\/\/portal.fgeo.gob.mx\/index.php\/archivos\/noticias\/boletin-1355-fiscalia-de-oaxaca-detiene-a-objetivo-prioritario-por-narcomenudeo-que-operaba-en-la-region-el-istmo-de-tehuantepec","title":{"rendered":"BOLET\u00cdN 1355.- Fiscal\u00eda de Oaxaca detiene a objetivo prioritario por narcomenudeo, que operaba en la regi\u00f3n el Istmo de Tehuantepec"},"content":{"rendered":"<p>&nbsp;<\/p>\n<p>Oaxaca de Ju\u00e1rez, Oax., a 02 de abril de 2025.-Como resultado de los trabajos coordinados de inteligencia criminal y en operativos focalizados contra la venta de sustancias il\u00edcitas, la Fiscal\u00eda General del Estado de Oaxaca (FGEO) logr\u00f3 la detenci\u00f3n de Y.O.S.S., por el delito contra la salud en su modalidad de narcomenudeo en la hip\u00f3tesis de posesi\u00f3n con fines de comercio o suministro de metanfetamina y cannabis, adem\u00e1s, esta persona es considerada un objetivo prioritario por su probable participaci\u00f3n en actividades delictivas en la regi\u00f3n del Istmo de Tehuantepec.<\/p>\n<p>De acuerdo a la causa penal, el 30 de marzo de 2025, Y.O.S.S., fue detenido en flagrancia por elementos de la Agencia Estatal de Investigaciones (AEI), en la colonia Imeca perteneciente al municipio de Juchit\u00e1n de Zaragoza.<\/p>\n<p>Al llevar a cabo la revisi\u00f3n legal, los elementos policiales hallaron bolsas empaquetadas con cannabis sativa, as\u00ed como metanfetaminas, por lo cual detuvieron a Y.O.S.S., quien qued\u00f3 a disposici\u00f3n de la autoridad correspondiente.<\/p>\n<p>En el desahogo de la audiencia inicial, el Juez de Control decret\u00f3 como legal la detenci\u00f3n de Y.O.S.S., adem\u00e1s que se comunic\u00f3 la imputaci\u00f3n, por lo que qued\u00f3 en prisi\u00f3n preventiva provisional en lo que se resuelve su situaci\u00f3n jur\u00eddica.<\/p>\n<p>Derivado de los trabajos de inteligencia criminal efectuados por la Vicefiscal\u00eda Regional de Valles Centrales, se logr\u00f3 establecer que Y.O.S.S., es considerado como un objetivo prioritario en la regi\u00f3n.<\/p>\n<p>Para la Fiscal\u00eda General de Oaxaca, el combate a la venta y distribuci\u00f3n de drogas, forma parte de la estrategia de seguridad que realizan para garantizar una eficaz procuraci\u00f3n de justicia en la entidad.<\/p>\n<p>&nbsp;<\/p>\n<p><img fetchpriority=\"high\" decoding=\"async\" class=\"size-medium wp-image-8673 aligncenter\" src=\"https:\/\/portal.fgeo.gob.mx\/wp-content\/uploads\/2025\/04\/WhatsApp-Image-2025-04-02-at-13.26.49-300x260.jpeg\" alt=\"\" width=\"300\" height=\"260\" \/><\/p>\n","protected":false},"author":2,"featured_media":8624,"comment_status":"closed","ping_status":"closed","template":"","tags":[],"categoria_noticias":[],"class_list":["post-16665","noticias","type-noticias","status-publish","has-post-thumbnail","hentry"],"acf":[],"mb":[],"mfb_rest_fields":["title","gutenberg_elementor_mode"],"_links":{"self":[{"href":"https:\/\/portal.fgeo.gob.mx\/index.php\/wp-json\/wp\/v2\/noticias\/16665","targetHints":{"allow":["GET"]}}],"collection":[{"href":"https:\/\/portal.fgeo.gob.mx\/index.php\/wp-json\/wp\/v2\/noticias"}],"about":[{"href":"https:\/\/portal.fgeo.gob.mx\/index.php\/wp-json\/wp\/v2\/types\/noticias"}],"author":[{"embeddable":true,"href":"https:\/\/portal.fgeo.gob.mx\/index.php\/wp-json\/wp\/v2\/users\/2"}],"replies":[{"embeddable":true,"href":"https:\/\/portal.fgeo.gob.mx\/index.php\/wp-json\/wp\/v2\/comments?post=16665"}],"wp:featuredmedia":[{"embeddable":true,"href":"https:\/\/portal.fgeo.gob.mx\/index.php\/wp-json\/"}],"wp:attachment":[{"href":"https:\/\/portal.fgeo.gob.mx\/index.php\/wp-json\/wp\/v2\/media?parent=16665"}],"wp:term":[{"taxonomy":"post_tag","embeddable":true,"href":"https:\/\/portal.fgeo.gob.mx\/index.php\/wp-json\/wp\/v2\/tags?post=16665"},{"taxonomy":"categoria_noticias","embeddable":true,"href":"https:\/\/portal.fgeo.gob.mx\/index.php\/wp-json\/wp\/v2\/categoria_noticias?post=16665"}],"curies":[{"name":"wp","href":"https:\/\/api.w.org\/{rel}","templated":true}]}}