{"id":16664,"date":"2025-04-02T09:50:02","date_gmt":"2025-04-02T15:50:02","guid":{"rendered":"https:\/\/fge.oaxaca.gob.mx\/?post_type=noticias&amp;p=8669"},"modified":"2025-04-02T09:50:02","modified_gmt":"2025-04-02T15:50:02","slug":"boletin-1354-fgeo-detiene-a-segundo-implicado-en-secuestro-cometido-en-el-centro-de-ocotlan-de-morelos-2","status":"publish","type":"noticias","link":"https:\/\/portal.fgeo.gob.mx\/index.php\/archivos\/noticias\/boletin-1354-fgeo-detiene-a-segundo-implicado-en-secuestro-cometido-en-el-centro-de-ocotlan-de-morelos-2","title":{"rendered":"BOLET\u00cdN 1,354.- FGEO detiene a segundo implicado en secuestro cometido en el centro de Ocotl\u00e1n de Morelos"},"content":{"rendered":"<p>* La primera persona detenida por el caso es B.A.J.J., alias \u201cEl Chino\u201d, quien est\u00e1 en prisi\u00f3n y vinculado a proceso<\/p>\n<p>Oaxaca de Ju\u00e1rez, Oax., a 02 de abril de 2025.- Derivado de los trabajos de inteligencia criminal e investigaci\u00f3n, la Fiscal\u00eda General del Estado de Oaxaca (FGEO) ejecut\u00f3 una orden de aprehensi\u00f3n en contra de D.J.J.J., alias \u201cEl Br\u00f3coli\u201d por el delito de secuestro, hechos ocurridos en el centro de Ocotl\u00e1n de Morelos, los cuales quedaron registrados en video y se hizo p\u00fablico a trav\u00e9s de diferentes plataformas de redes sociales.<\/p>\n<p>De acuerdo con el expediente penal, los hechos ocurrieron el 17 de marzo de 2025, en calles del centro de Ocotl\u00e1n de Morelos, donde una persona del sexo masculino (de quien se reserva su identidad por cuestiones de seguridad) fue privada de la libertad de forma il\u00edcita por un grupo de personas, aparentemente armadas, quienes lo obligaron a subir a un veh\u00edculo. Gracias a los trabajos de seguridad, m\u00e1s tarde, la v\u00edctima fue localizada con vida.<\/p>\n<p>Debido a esto la FGEO inici\u00f3 las indagatorias, adem\u00e1s de realizar labores de inteligencia criminal en las que participaron personal de la Agencia Estatal de Investigaciones y de la Vicefiscal\u00eda Regional de Valles Centrales, lo que permiti\u00f3 presentar ante el Juez elementos suficientes que derivaron en la obtenci\u00f3n de una orden de aprehensi\u00f3n en contra de una persona del sexo masculino identificada como D.J.J.J., alias \u201cEl Br\u00f3coli\u201d.<\/p>\n<p>Por ello, la Fiscal\u00eda de Oaxaca realiz\u00f3 un operativo en el que se ejecut\u00f3 la orden de aprehensi\u00f3n en contra de D.J.J.J., alias \u201cEl Br\u00f3coli\u201d, quien fue presentado ante la autoridad correspondientes por el delito de secuestro, para que se determine su situaci\u00f3n jur\u00eddica.<\/p>\n<p>Adem\u00e1s, la Fiscal\u00eda de Oaxaca inform\u00f3 que la v\u00edctima de estos hechos fue hallada con vida en un paraje cercano al municipio de Ocotl\u00e1n.<\/p>\n<p>Cabe mencionar que, por este caso, hay otra persona en prisi\u00f3n preventiva y vinculada a proceso, se trata de una persona del sexo masculino identificado como B.A.J.J., alias \u201cEl Chino\u201d.<\/p>\n<p>La Fiscal\u00eda General del Estado de Oaxaca est\u00e1 comprometida con el combate al delito de secuestro por ello, lleva a cabo investigaciones integrales, multidisciplinarias con equipos especializados que permitan presentar ante la ley a quien o quienes resulten responsables de este tipo de delitos, pues, sancionar efectivamente estas conductas criminales es una forma de garantizar la reparaci\u00f3n del tejido social.<\/p>\n<p><img fetchpriority=\"high\" decoding=\"async\" class=\"alignnone size-medium wp-image-8670\" src=\"https:\/\/portal.fgeo.gob.mx\/wp-content\/uploads\/2025\/04\/WhatsApp-Image-2025-04-02-at-9.32.49-AM-240x300.jpeg\" alt=\"\" width=\"240\" height=\"300\" \/><img decoding=\"async\" class=\"alignnone size-medium wp-image-8671\" src=\"https:\/\/portal.fgeo.gob.mx\/wp-content\/uploads\/2025\/04\/WhatsApp-Image-2025-04-02-at-9.48.04-AM-300x240.jpeg\" alt=\"\" width=\"300\" height=\"240\" \/><\/p>\n","protected":false},"author":2,"featured_media":8624,"comment_status":"closed","ping_status":"closed","template":"","tags":[],"categoria_noticias":[],"class_list":["post-16664","noticias","type-noticias","status-publish","has-post-thumbnail","hentry"],"acf":[],"mb":[],"mfb_rest_fields":["title","gutenberg_elementor_mode"],"_links":{"self":[{"href":"https:\/\/portal.fgeo.gob.mx\/index.php\/wp-json\/wp\/v2\/noticias\/16664","targetHints":{"allow":["GET"]}}],"collection":[{"href":"https:\/\/portal.fgeo.gob.mx\/index.php\/wp-json\/wp\/v2\/noticias"}],"about":[{"href":"https:\/\/portal.fgeo.gob.mx\/index.php\/wp-json\/wp\/v2\/types\/noticias"}],"author":[{"embeddable":true,"href":"https:\/\/portal.fgeo.gob.mx\/index.php\/wp-json\/wp\/v2\/users\/2"}],"replies":[{"embeddable":true,"href":"https:\/\/portal.fgeo.gob.mx\/index.php\/wp-json\/wp\/v2\/comments?post=16664"}],"wp:featuredmedia":[{"embeddable":true,"href":"https:\/\/portal.fgeo.gob.mx\/index.php\/wp-json\/"}],"wp:attachment":[{"href":"https:\/\/portal.fgeo.gob.mx\/index.php\/wp-json\/wp\/v2\/media?parent=16664"}],"wp:term":[{"taxonomy":"post_tag","embeddable":true,"href":"https:\/\/portal.fgeo.gob.mx\/index.php\/wp-json\/wp\/v2\/tags?post=16664"},{"taxonomy":"categoria_noticias","embeddable":true,"href":"https:\/\/portal.fgeo.gob.mx\/index.php\/wp-json\/wp\/v2\/categoria_noticias?post=16664"}],"curies":[{"name":"wp","href":"https:\/\/api.w.org\/{rel}","templated":true}]}}