{"id":16663,"date":"2025-04-01T16:04:15","date_gmt":"2025-04-01T22:04:15","guid":{"rendered":"https:\/\/fge.oaxaca.gob.mx\/?post_type=noticias&amp;p=8667"},"modified":"2025-04-01T16:04:15","modified_gmt":"2025-04-01T22:04:15","slug":"boletin-1353-fiscalia-de-oaxaca-ejecuta-orden-de-aprehension-por-violacion-ocurrida-en-la-region-de-la-cuenca-del-papaloapan","status":"publish","type":"noticias","link":"https:\/\/portal.fgeo.gob.mx\/index.php\/archivos\/noticias\/boletin-1353-fiscalia-de-oaxaca-ejecuta-orden-de-aprehension-por-violacion-ocurrida-en-la-region-de-la-cuenca-del-papaloapan","title":{"rendered":"BOLET\u00cdN 1,353.-Fiscal\u00eda de Oaxaca ejecuta orden de aprehensi\u00f3n por violaci\u00f3n ocurrida en la regi\u00f3n de la Cuenca del Papaloapan"},"content":{"rendered":"<p>Oaxaca de Ju\u00e1rez, Oax., a 01 de abril de 2025.- La Fiscal\u00eda General del Estado de Oaxaca dio cumplimiento a una orden de aprehensi\u00f3n contra una persona del sexo masculino identificado como C.C.G., por el delito de Violaci\u00f3n Agravada en perjuicio de una adolescente, en hechos cometidos en la regi\u00f3n de la Cuenca del Papaloapan.<\/p>\n<p>De acuerdo con el expediente penal del caso, la agresi\u00f3n sexual ocurri\u00f3 el 13 de septiembre de 2023, cuando la v\u00edctima (cuya identidad est\u00e1 protegida por ley) contaba con 12 a\u00f1os de edad y se encontraba en un domicilio ubicado en la localidad de Bella Vista del municipio de Santiago Yaveo, Distrito de Cho\u00e1pam.<\/p>\n<p>Tras recibir la denuncia, la FGEO inici\u00f3 la investigaci\u00f3n correspondiente a trav\u00e9s de la Vicefiscal\u00eda Regional de la Cuenca, logrando obtener una orden de aprehensi\u00f3n en contra de C.C.G. por el delito de violaci\u00f3n agravada.<\/p>\n<p>Elementos de la Agencia Estatal de Investigaciones dieron cumplimiento al mandato judicial, logrando la detenci\u00f3n de C.C.G., quien fue llevado ante el agente del ministerio p\u00fablico para resolver su situaci\u00f3n jur\u00eddica.<\/p>\n<p>La Fiscal\u00eda de Oaxaca prioriza las investigaciones relacionadas con delitos cometidos contra ni\u00f1as, ni\u00f1os y adolescentes, para presentar ante la justicia a los responsables a fin de garantizar el derecho a una vida libre de violencia.<\/p>\n<figure id=\"attachment_8668\" aria-describedby=\"caption-attachment-8668\" style=\"width: 300px\" class=\"wp-caption alignnone\"><img decoding=\"async\" class=\"size-medium wp-image-8668\" src=\"https:\/\/portal.fgeo.gob.mx\/wp-content\/uploads\/2025\/04\/Dise%C3%B1o-sin-t%C3%ADtulo-300x153.jpg\" alt=\"\" width=\"300\" height=\"153\" \/><figcaption id=\"caption-attachment-8668\" class=\"wp-caption-text\">Dise\u00f1o sin t\u00edtulo &#8211; 1<\/figcaption><\/figure>\n","protected":false},"author":2,"featured_media":8624,"comment_status":"closed","ping_status":"closed","template":"","tags":[],"categoria_noticias":[],"class_list":["post-16663","noticias","type-noticias","status-publish","has-post-thumbnail","hentry"],"acf":[],"mb":[],"mfb_rest_fields":["title","gutenberg_elementor_mode"],"_links":{"self":[{"href":"https:\/\/portal.fgeo.gob.mx\/index.php\/wp-json\/wp\/v2\/noticias\/16663","targetHints":{"allow":["GET"]}}],"collection":[{"href":"https:\/\/portal.fgeo.gob.mx\/index.php\/wp-json\/wp\/v2\/noticias"}],"about":[{"href":"https:\/\/portal.fgeo.gob.mx\/index.php\/wp-json\/wp\/v2\/types\/noticias"}],"author":[{"embeddable":true,"href":"https:\/\/portal.fgeo.gob.mx\/index.php\/wp-json\/wp\/v2\/users\/2"}],"replies":[{"embeddable":true,"href":"https:\/\/portal.fgeo.gob.mx\/index.php\/wp-json\/wp\/v2\/comments?post=16663"}],"wp:featuredmedia":[{"embeddable":true,"href":"https:\/\/portal.fgeo.gob.mx\/index.php\/wp-json\/"}],"wp:attachment":[{"href":"https:\/\/portal.fgeo.gob.mx\/index.php\/wp-json\/wp\/v2\/media?parent=16663"}],"wp:term":[{"taxonomy":"post_tag","embeddable":true,"href":"https:\/\/portal.fgeo.gob.mx\/index.php\/wp-json\/wp\/v2\/tags?post=16663"},{"taxonomy":"categoria_noticias","embeddable":true,"href":"https:\/\/portal.fgeo.gob.mx\/index.php\/wp-json\/wp\/v2\/categoria_noticias?post=16663"}],"curies":[{"name":"wp","href":"https:\/\/api.w.org\/{rel}","templated":true}]}}