{"id":16662,"date":"2025-04-01T12:07:33","date_gmt":"2025-04-01T18:07:33","guid":{"rendered":"https:\/\/fge.oaxaca.gob.mx\/?post_type=noticias&amp;p=8666"},"modified":"2025-04-01T12:07:33","modified_gmt":"2025-04-01T18:07:33","slug":"boletin-1352-obtiene-fgeo-sentencia-de-46-anos-contra-responsable-del-delito-de-equiparado-a-la-violacion-cometido-en-agravio-de-una-adolescente-en-santa-lucia-del-camino","status":"publish","type":"noticias","link":"https:\/\/portal.fgeo.gob.mx\/index.php\/archivos\/noticias\/boletin-1352-obtiene-fgeo-sentencia-de-46-anos-contra-responsable-del-delito-de-equiparado-a-la-violacion-cometido-en-agravio-de-una-adolescente-en-santa-lucia-del-camino","title":{"rendered":"BOLET\u00cdN 1,352.- Obtiene FGEO sentencia de 46 a\u00f1os contra responsable del delito de equiparado a la violaci\u00f3n cometido en agravio de una adolescente, en Santa Luc\u00eda del Camino"},"content":{"rendered":"<p style=\"font-weight: 400\">Oaxaca de Ju\u00e1rez, Oax., a 01 de abril de 2025.- Como parte de las acciones para procurar justicia en favor de ni\u00f1as, ni\u00f1os y adolescentes, la Fiscal\u00eda General del Estado de Oaxaca (FGEO) obtuvo una sentencia condenatoria de 46 a\u00f1os y seis meses contra de una persona identificada como Gabriel L.L. por el delito equiparado a la violaci\u00f3n en agravio de una adolescente, hechos ocurridos en la regi\u00f3n de Valles Centrales<\/p>\n<p style=\"font-weight: 400\">\u00a0De acuerdo con el expediente penal, los hechos ocurrieron en diferentes momentos del 2021, cuando la v\u00edctima una adolescente -cuyos datos se reservan por ley- fue agredida en un domicilio ubicado en Santa Luc\u00eda del Camino.<\/p>\n<p style=\"font-weight: 400\">\u00a0Luego de tener conocimiento de los hechos, la Fiscal\u00eda Especializada en Justicia para Ni\u00f1as, Ni\u00f1os y Adolescentes inici\u00f3 la carpeta de investigaci\u00f3n correspondiente y realiz\u00f3 los trabajos ministeriales con perspectiva de infancia y g\u00e9nero, lo que permiti\u00f3 obtener una orden de aprehensi\u00f3n contra el imputado y con ello, llevarlo ante el Juez que lo requiri\u00f3.<\/p>\n<p style=\"font-weight: 400\">\u00a0Tras el desahogo de pruebas presentadas por la Fiscal\u00eda de Oaxaca, el Juez que atiende la causa dict\u00f3 sentencia condenatoria de 46 a\u00f1os y seis meses de prisi\u00f3n en contra de Gabriel L.L. por el delito equiparado a la violaci\u00f3n, adem\u00e1s de imponer una multa econ\u00f3mica y la reparaci\u00f3n del da\u00f1o en abstracto.<\/p>\n<p style=\"font-weight: 400\">\u00a0La Fiscal\u00eda de Oaxaca reitera su compromiso de garantizar un adecuado proceso de procuraci\u00f3n de justicia, especialmente en casos de delitos sexuales en los que las v\u00edctimas sean ni\u00f1as, ni\u00f1os o adolescentes, para presentar ante la justicia a quien o quienes resulten responsables.<\/p>\n<p style=\"font-weight: 400\">\n","protected":false},"author":2,"featured_media":8624,"comment_status":"closed","ping_status":"closed","template":"","tags":[],"categoria_noticias":[],"class_list":["post-16662","noticias","type-noticias","status-publish","has-post-thumbnail","hentry"],"acf":[],"mb":[],"mfb_rest_fields":["title","gutenberg_elementor_mode"],"_links":{"self":[{"href":"https:\/\/portal.fgeo.gob.mx\/index.php\/wp-json\/wp\/v2\/noticias\/16662","targetHints":{"allow":["GET"]}}],"collection":[{"href":"https:\/\/portal.fgeo.gob.mx\/index.php\/wp-json\/wp\/v2\/noticias"}],"about":[{"href":"https:\/\/portal.fgeo.gob.mx\/index.php\/wp-json\/wp\/v2\/types\/noticias"}],"author":[{"embeddable":true,"href":"https:\/\/portal.fgeo.gob.mx\/index.php\/wp-json\/wp\/v2\/users\/2"}],"replies":[{"embeddable":true,"href":"https:\/\/portal.fgeo.gob.mx\/index.php\/wp-json\/wp\/v2\/comments?post=16662"}],"wp:featuredmedia":[{"embeddable":true,"href":"https:\/\/portal.fgeo.gob.mx\/index.php\/wp-json\/"}],"wp:attachment":[{"href":"https:\/\/portal.fgeo.gob.mx\/index.php\/wp-json\/wp\/v2\/media?parent=16662"}],"wp:term":[{"taxonomy":"post_tag","embeddable":true,"href":"https:\/\/portal.fgeo.gob.mx\/index.php\/wp-json\/wp\/v2\/tags?post=16662"},{"taxonomy":"categoria_noticias","embeddable":true,"href":"https:\/\/portal.fgeo.gob.mx\/index.php\/wp-json\/wp\/v2\/categoria_noticias?post=16662"}],"curies":[{"name":"wp","href":"https:\/\/api.w.org\/{rel}","templated":true}]}}