{"id":16661,"date":"2025-04-01T09:05:22","date_gmt":"2025-04-01T15:05:22","guid":{"rendered":"https:\/\/fge.oaxaca.gob.mx\/?post_type=noticias&amp;p=8664"},"modified":"2025-04-01T09:05:22","modified_gmt":"2025-04-01T15:05:22","slug":"boletin-1-351-fgeo-logra-auto-de-vinculacion-a-proceso-por-homicidio-cometido-durante-robo-en-la-calle-de-zaragoza-en-el-centro-de-la-capital-de-oaxaca","status":"publish","type":"noticias","link":"https:\/\/portal.fgeo.gob.mx\/index.php\/archivos\/noticias\/boletin-1-351-fgeo-logra-auto-de-vinculacion-a-proceso-por-homicidio-cometido-durante-robo-en-la-calle-de-zaragoza-en-el-centro-de-la-capital-de-oaxaca","title":{"rendered":"BOLET\u00cdN 1.351.- FGEO logra auto de vinculaci\u00f3n a proceso por homicidio cometido durante robo en la calle de Zaragoza, en el centro de la capital de Oaxaca"},"content":{"rendered":"<p>Oaxaca de Ju\u00e1rez, Oax., a 01 de abril de 2025.- La Fiscal\u00eda General del Estado de Oaxaca (FGEO) obtuvo la vinculaci\u00f3n a proceso de una persona del sexo masculino identificada con las iniciales R. P. P., alias \u201cEl Solo\u201d, por el delito de homicidio calificado con ventaja, cometido en calles del centro de la ciudad de Oaxaca de Ju\u00e1rez.<\/p>\n<p>De acuerdo con el expediente penal del caso, los hechos ocurrieron el 24 de marzo de 2025, cuando la v\u00edctima identificada como J. G. C., caminaba por la calle Zaragoza, en el Centro Hist\u00f3rico de la capital de Oaxaca.<\/p>\n<p>En el lugar, la v\u00edctima fue interceptado de manera sorpresiva por un par de personas, quienes lo sometieron para tratar de cometer un robo, uno de ellos utiliz\u00f3 un arma punzo-cortante para agredir a la v\u00edctima, quien perdi\u00f3 la vida a causa de las lesiones infligidas.<\/p>\n<p>Derivado de la coordinaci\u00f3n con la Polic\u00eda Municipal de Oaxaca, se logr\u00f3 el aseguramiento de una persona identificada como R. P. P., alias \u201cEl Solo\u201d, en contra de quien se ejecut\u00f3 una orden de aprehensi\u00f3n por el delito de homicidio calificado con ventaja, por lo que fue presentado ante la autoridad correspondiente para resolver su situaci\u00f3n jur\u00eddica.<\/p>\n<p>Ante las pruebas presentadas por la FGEO, el Juez que atiende la causa dict\u00f3 auto de vinculaci\u00f3n a proceso en contra de R. P. P., alias \u201cEl Solo\u201d, a quien impuso la medida cautelar de prisi\u00f3n preventiva oficiosa, adem\u00e1s otorg\u00f3 un mes para el cierre de la investigaci\u00f3n complementaria,<\/p>\n<p>La Fiscal\u00eda General del Estado de Oaxaca est\u00e1 comprometida con establecer l\u00edneas de investigaci\u00f3n s\u00f3lidas que permitan dar con quien o quienes resulten responsables de los delitos, y con ello, garantizar procesos de procuraci\u00f3n de justicia adecuados para las v\u00edctimas directas e indirectas.<\/p>\n<p><img decoding=\"async\" class=\"alignnone size-medium wp-image-8665\" src=\"https:\/\/portal.fgeo.gob.mx\/wp-content\/uploads\/2025\/04\/WhatsApp-Image-2025-03-27-at-3.29.22-PM-300x126.jpeg\" alt=\"\" width=\"300\" height=\"126\" \/><\/p>\n","protected":false},"author":2,"featured_media":8624,"comment_status":"closed","ping_status":"closed","template":"","tags":[],"categoria_noticias":[],"class_list":["post-16661","noticias","type-noticias","status-publish","has-post-thumbnail","hentry"],"acf":[],"mb":[],"mfb_rest_fields":["title","gutenberg_elementor_mode"],"_links":{"self":[{"href":"https:\/\/portal.fgeo.gob.mx\/index.php\/wp-json\/wp\/v2\/noticias\/16661","targetHints":{"allow":["GET"]}}],"collection":[{"href":"https:\/\/portal.fgeo.gob.mx\/index.php\/wp-json\/wp\/v2\/noticias"}],"about":[{"href":"https:\/\/portal.fgeo.gob.mx\/index.php\/wp-json\/wp\/v2\/types\/noticias"}],"author":[{"embeddable":true,"href":"https:\/\/portal.fgeo.gob.mx\/index.php\/wp-json\/wp\/v2\/users\/2"}],"replies":[{"embeddable":true,"href":"https:\/\/portal.fgeo.gob.mx\/index.php\/wp-json\/wp\/v2\/comments?post=16661"}],"wp:featuredmedia":[{"embeddable":true,"href":"https:\/\/portal.fgeo.gob.mx\/index.php\/wp-json\/"}],"wp:attachment":[{"href":"https:\/\/portal.fgeo.gob.mx\/index.php\/wp-json\/wp\/v2\/media?parent=16661"}],"wp:term":[{"taxonomy":"post_tag","embeddable":true,"href":"https:\/\/portal.fgeo.gob.mx\/index.php\/wp-json\/wp\/v2\/tags?post=16661"},{"taxonomy":"categoria_noticias","embeddable":true,"href":"https:\/\/portal.fgeo.gob.mx\/index.php\/wp-json\/wp\/v2\/categoria_noticias?post=16661"}],"curies":[{"name":"wp","href":"https:\/\/api.w.org\/{rel}","templated":true}]}}