{"id":16660,"date":"2025-03-31T16:01:55","date_gmt":"2025-03-31T22:01:55","guid":{"rendered":"https:\/\/fge.oaxaca.gob.mx\/?post_type=noticias&amp;p=8662"},"modified":"2025-03-31T16:01:55","modified_gmt":"2025-03-31T22:01:55","slug":"boletin-1350-ejecuta-orden-de-aprehension-por-delito-de-violacion-cometida-en-la-region-sierra-flores-magon-fiscalia-de-oaxaca","status":"publish","type":"noticias","link":"https:\/\/portal.fgeo.gob.mx\/index.php\/archivos\/noticias\/boletin-1350-ejecuta-orden-de-aprehension-por-delito-de-violacion-cometida-en-la-region-sierra-flores-magon-fiscalia-de-oaxaca","title":{"rendered":"BOLET\u00cdN 1,350.- Ejecuta orden de aprehensi\u00f3n por delito de violaci\u00f3n cometida en la regi\u00f3n Sierra Flores Mag\u00f3n: Fiscal\u00eda de Oaxaca"},"content":{"rendered":"<p style=\"font-weight: 400\">Oaxaca de Ju\u00e1rez, Oax., a 31 de marzo de 2025.- La Fiscal\u00eda General del Estado de Oaxaca (FGEO) ejecut\u00f3 una orden de aprehensi\u00f3n en contra de una persona del sexo masculino identificada como I.H.F., por el delito de violaci\u00f3n en agravio de E.G.B., hechos ocurridos en la regi\u00f3n Sierra Flores Mag\u00f3n, en el municipio de Eloxochitl\u00e1n.<\/p>\n<p style=\"font-weight: 400\">\n<p style=\"font-weight: 400\">El expediente penal del caso refiere que, los hechos se registraron cuando la v\u00edctima fue invitada a una fiesta en San Jos\u00e9 Tenango. Tras el evento, la v\u00edctima sufri\u00f3 una agresi\u00f3n.<\/p>\n<p style=\"font-weight: 400\">\n<p style=\"font-weight: 400\">Luego de recibir la denuncia, la Fiscal\u00eda General del Estado de Oaxaca llev\u00f3 a cabo las l\u00edneas de investigaci\u00f3n correspondientes, a trav\u00e9s de la Vicefiscal\u00eda General de Control Regional, las cuales permitieron obtener la orden de aprehensi\u00f3n contra I.H.F., quien fue detenido en el municipio de Eloxochitl\u00e1n.<\/p>\n<p style=\"font-weight: 400\">\n<p style=\"font-weight: 400\">La FGEO reafirma su compromiso con la protecci\u00f3n de las v\u00edctimas y la procuraci\u00f3n de justicia, impulsando acciones firmes para combatir la impunidad y garantizar el acceso a la justicia en casos de violencia sexual.<\/p>\n<p style=\"font-weight: 400\">\n<figure id=\"attachment_8663\" aria-describedby=\"caption-attachment-8663\" style=\"width: 300px\" class=\"wp-caption alignnone\"><img fetchpriority=\"high\" decoding=\"async\" class=\"size-medium wp-image-8663\" src=\"https:\/\/portal.fgeo.gob.mx\/wp-content\/uploads\/2025\/03\/Dise%C3%B1o-sin-t%C3%ADtulo-31-300x216.jpg\" alt=\"\" width=\"300\" height=\"216\" \/><figcaption id=\"caption-attachment-8663\" class=\"wp-caption-text\">Dise\u00f1o sin t\u00edtulo &#8211; 1<\/figcaption><\/figure>\n","protected":false},"author":2,"featured_media":8624,"comment_status":"closed","ping_status":"closed","template":"","tags":[],"categoria_noticias":[],"class_list":["post-16660","noticias","type-noticias","status-publish","has-post-thumbnail","hentry"],"acf":[],"mb":[],"mfb_rest_fields":["title","gutenberg_elementor_mode"],"_links":{"self":[{"href":"https:\/\/portal.fgeo.gob.mx\/index.php\/wp-json\/wp\/v2\/noticias\/16660","targetHints":{"allow":["GET"]}}],"collection":[{"href":"https:\/\/portal.fgeo.gob.mx\/index.php\/wp-json\/wp\/v2\/noticias"}],"about":[{"href":"https:\/\/portal.fgeo.gob.mx\/index.php\/wp-json\/wp\/v2\/types\/noticias"}],"author":[{"embeddable":true,"href":"https:\/\/portal.fgeo.gob.mx\/index.php\/wp-json\/wp\/v2\/users\/2"}],"replies":[{"embeddable":true,"href":"https:\/\/portal.fgeo.gob.mx\/index.php\/wp-json\/wp\/v2\/comments?post=16660"}],"wp:featuredmedia":[{"embeddable":true,"href":"https:\/\/portal.fgeo.gob.mx\/index.php\/wp-json\/"}],"wp:attachment":[{"href":"https:\/\/portal.fgeo.gob.mx\/index.php\/wp-json\/wp\/v2\/media?parent=16660"}],"wp:term":[{"taxonomy":"post_tag","embeddable":true,"href":"https:\/\/portal.fgeo.gob.mx\/index.php\/wp-json\/wp\/v2\/tags?post=16660"},{"taxonomy":"categoria_noticias","embeddable":true,"href":"https:\/\/portal.fgeo.gob.mx\/index.php\/wp-json\/wp\/v2\/categoria_noticias?post=16660"}],"curies":[{"name":"wp","href":"https:\/\/api.w.org\/{rel}","templated":true}]}}