{"id":16657,"date":"2025-03-30T15:05:13","date_gmt":"2025-03-30T21:05:13","guid":{"rendered":"https:\/\/fge.oaxaca.gob.mx\/?post_type=noticias&amp;p=8656"},"modified":"2025-03-30T15:05:13","modified_gmt":"2025-03-30T21:05:13","slug":"boletin-1347-logra-fgeo-vincular-a-proceso-y-prision-contra-primer-detenido-por-secuestro-cometido-en-el-centro-de-ocotlan-de-morelos","status":"publish","type":"noticias","link":"https:\/\/portal.fgeo.gob.mx\/index.php\/archivos\/noticias\/boletin-1347-logra-fgeo-vincular-a-proceso-y-prision-contra-primer-detenido-por-secuestro-cometido-en-el-centro-de-ocotlan-de-morelos","title":{"rendered":"BOLET\u00cdN 1,347.-Logra FGEO vincular a proceso y prisi\u00f3n contra primer detenido por secuestro cometido en el centro de Ocotl\u00e1n de Morelos"},"content":{"rendered":"<ul>\n<li><em>El hecho ocurri\u00f3 el 17 de marzo, el cual fue registrado en video y difundido por redes sociales. Mientras que la v\u00edctima fue localizada con vida<\/em><\/li>\n<\/ul>\n<p><strong>Oaxaca de Ju\u00e1rez a 30 de marzo de 2025.-<\/strong> Derivado de los trabajos de inteligencia criminal e investigaci\u00f3n, la Fiscal\u00eda General del Estado de Oaxaca (FGEO) obtuvo la vinculaci\u00f3n a proceso y prisi\u00f3n preventiva en contra de una persona del sexo masculino identificado como B.A.J.J.\u00a0 alias \u201cEl Chino\u201d, por el delito de secuestro agravado, hechos ocurridos en el centro de Ocotl\u00e1n de Morelos, el cual fue registrado en video y se hizo p\u00fablico a trav\u00e9s de diferentes plataformas de redes sociales.<\/p>\n<p>De acuerdo con el expediente penal, los hechos ocurrieron el 17 de marzo en calles de Ocotl\u00e1n de Morelos, donde una persona del sexo masculino (de quien se reserva su identidad por cuestiones de seguridad) fue privada de la libertad de forma il\u00edcita por un grupo de personas, aparentemente armadas, quienes lo obligaron a subir a un veh\u00edculo.<\/p>\n<p>Ante estos hechos, la Fiscal\u00eda de Oaxaca inici\u00f3 la investigaci\u00f3n correspondiente y realiz\u00f3 labores de inteligencia criminal en las que participaron personal de la Agencia Estatal de Investigaciones y de la Vicefiscal\u00eda Regional de Valles Centrales, quienes ejecutaron una orden de aprehensi\u00f3n en contra de B.A.J.J., alias \u201cEl Chino\u201d, quien fue presentado ante la autoridad correspondientes.<\/p>\n<p>Tras la evaluaci\u00f3n de las pruebas presentadas por la FGEO, el Juez de la causa dict\u00f3 auto de vinculaci\u00f3n a proceso en contra de B.A.J.J., alias \u201cEl Chino\u201d, por el delito de secuestro agravado, adem\u00e1s de imponer la medida cautelar de prisi\u00f3n preventiva.<\/p>\n<p>Respecto a la v\u00edctima de estos hechos, fue hallada con vida en un paraje cercano al municipio de Ocotl\u00e1n.<\/p>\n<p>La Fiscal\u00eda General del Estado de Oaxaca refrenda su compromiso de combatir el secuestro por medio de investigaciones integrales, multidisciplinarias con equipos especializados que permitan presentar ante la ley a quien o quienes resulten responsables de este tipo de delitos, pues, sancionar efectivamente estas conductas criminales es una forma de garantizar la reparaci\u00f3n del tejido social.<\/p>\n<p><img fetchpriority=\"high\" decoding=\"async\" class=\"alignnone size-medium wp-image-8657\" src=\"https:\/\/portal.fgeo.gob.mx\/wp-content\/uploads\/2025\/03\/BOLET%C3%8DN-1347.-Logra-FGEO-vincular-a-proceso-y-prisi%C3%B3n-contra-primer-detenido-por-secuestro-cometido-en-el-centro-de-Ocotl%C3%A1n-de-Morelos-275x300.jpeg\" alt=\"\" width=\"275\" height=\"300\" \/><\/p>\n","protected":false},"author":2,"featured_media":8624,"comment_status":"closed","ping_status":"closed","template":"","tags":[],"categoria_noticias":[],"class_list":["post-16657","noticias","type-noticias","status-publish","has-post-thumbnail","hentry"],"acf":[],"mb":[],"mfb_rest_fields":["title","gutenberg_elementor_mode"],"_links":{"self":[{"href":"https:\/\/portal.fgeo.gob.mx\/index.php\/wp-json\/wp\/v2\/noticias\/16657","targetHints":{"allow":["GET"]}}],"collection":[{"href":"https:\/\/portal.fgeo.gob.mx\/index.php\/wp-json\/wp\/v2\/noticias"}],"about":[{"href":"https:\/\/portal.fgeo.gob.mx\/index.php\/wp-json\/wp\/v2\/types\/noticias"}],"author":[{"embeddable":true,"href":"https:\/\/portal.fgeo.gob.mx\/index.php\/wp-json\/wp\/v2\/users\/2"}],"replies":[{"embeddable":true,"href":"https:\/\/portal.fgeo.gob.mx\/index.php\/wp-json\/wp\/v2\/comments?post=16657"}],"wp:featuredmedia":[{"embeddable":true,"href":"https:\/\/portal.fgeo.gob.mx\/index.php\/wp-json\/"}],"wp:attachment":[{"href":"https:\/\/portal.fgeo.gob.mx\/index.php\/wp-json\/wp\/v2\/media?parent=16657"}],"wp:term":[{"taxonomy":"post_tag","embeddable":true,"href":"https:\/\/portal.fgeo.gob.mx\/index.php\/wp-json\/wp\/v2\/tags?post=16657"},{"taxonomy":"categoria_noticias","embeddable":true,"href":"https:\/\/portal.fgeo.gob.mx\/index.php\/wp-json\/wp\/v2\/categoria_noticias?post=16657"}],"curies":[{"name":"wp","href":"https:\/\/api.w.org\/{rel}","templated":true}]}}