{"id":16656,"date":"2025-03-29T20:27:35","date_gmt":"2025-03-30T02:27:35","guid":{"rendered":"https:\/\/fge.oaxaca.gob.mx\/?post_type=noticias&amp;p=8652"},"modified":"2025-03-29T20:27:35","modified_gmt":"2025-03-30T02:27:35","slug":"boletin-1346-participa-fiscalia-de-oaxaca-en-operativo-de-prevencion-compra-segura-en-la-central-de-abasto","status":"publish","type":"noticias","link":"https:\/\/portal.fgeo.gob.mx\/index.php\/archivos\/noticias\/boletin-1346-participa-fiscalia-de-oaxaca-en-operativo-de-prevencion-compra-segura-en-la-central-de-abasto","title":{"rendered":"BOLET\u00cdN 1,346.- Participa Fiscal\u00eda de Oaxaca en operativo de prevenci\u00f3n \u201cCompra Segura\u201d en la Central de Abasto"},"content":{"rendered":"<ul>\n<li style=\"font-weight: 400\">\u00a0<em>Llevan a cabo trabajo conjunto con DEFENSA, Guardia Nacional, Polic\u00eda Estatal y Polic\u00eda Municipal<\/em><\/li>\n<\/ul>\n<p style=\"font-weight: 400\"><strong>Oaxaca de Ju\u00e1rez a 29 de marzo de 2025.-<\/strong>\u00a0La Fiscal\u00eda General del Estado de Oaxaca (FGEO), a trav\u00e9s de la Agencia Estatal de Investigaciones (AEI), llev\u00f3 a cabo un operativo denominado \u201cCompra Segura\u201d en la Central de Abasto en la ciudad de Oaxaca de Ju\u00e1rez, con el objetivo de prevenir el fen\u00f3meno delictivo, el cual se realiz\u00f3 de manera conjunta con la Secretar\u00eda de la Defensa Nacional (DEFENSA), Guardia Nacional, Polic\u00eda Estatal y la Polic\u00eda Municipal.<\/p>\n<p style=\"font-weight: 400\">Derivado de los trabajos de inteligencia se planific\u00f3 el despliegue policial este s\u00e1bado, uno de los d\u00edas de mayor afluencia al centro comercial m\u00e1s importante del estado de Oaxaca.<\/p>\n<p style=\"font-weight: 400\">Para garantizar la seguridad de los compradores y ciudadan\u00eda en general, llevaron a cabo recorridos de vigilancia por los distintos sectores de esta zona de la capital.<\/p>\n<p style=\"font-weight: 400\">Adem\u00e1s de realizar la verificaci\u00f3n de veh\u00edculos actividad en la que se logr\u00f3 la detecci\u00f3n y aseguramiento de un veh\u00edculo que contaba con reporte de robo, por lo que qued\u00f3 a disposici\u00f3n de la agente del ministerio p\u00fablico .<\/p>\n<p style=\"font-weight: 400\">Este tipo de actividades de proximidad social, seguridad y prevenci\u00f3n en las que participa la Fiscal\u00eda\u00a0 de Oaxaca, forman parte de la estrategia estatal de seguridad en los Valles Centrales, para reducir la incidencia del fen\u00f3meno delictivo.<\/p>\n<p style=\"font-weight: 400\"><img fetchpriority=\"high\" decoding=\"async\" class=\"alignnone size-medium wp-image-8653\" src=\"https:\/\/portal.fgeo.gob.mx\/wp-content\/uploads\/2025\/03\/BOLET%C3%8DN-1346.-Participa-Fiscal%C3%ADa-de-Oaxaca-en-operativo-de-prevenci%C3%B3n-%E2%80%9CCompra-Segura%E2%80%9D-en-la-Central-de-Abasto1-300x225.jpeg\" alt=\"\" width=\"300\" height=\"225\" \/> <img decoding=\"async\" class=\"alignnone size-medium wp-image-8654\" src=\"https:\/\/portal.fgeo.gob.mx\/wp-content\/uploads\/2025\/03\/BOLET%C3%8DN-1346.-Participa-Fiscal%C3%ADa-de-Oaxaca-en-operativo-de-prevenci%C3%B3n-%E2%80%9CCompra-Segura%E2%80%9D-en-la-Central-de-Abasto3-300x169.jpeg\" alt=\"\" width=\"300\" height=\"169\" \/> <img decoding=\"async\" class=\"alignnone size-medium wp-image-8655\" src=\"https:\/\/portal.fgeo.gob.mx\/wp-content\/uploads\/2025\/03\/BOLET%C3%8DN-1346.-Participa-Fiscal%C3%ADa-de-Oaxaca-en-operativo-de-prevenci%C3%B3n-%E2%80%9CCompra-Segura%E2%80%9D-en-la-Central-de-Abasto4-300x225.jpeg\" alt=\"\" width=\"300\" height=\"225\" \/><\/p>\n","protected":false},"author":2,"featured_media":8624,"comment_status":"closed","ping_status":"closed","template":"","tags":[],"categoria_noticias":[],"class_list":["post-16656","noticias","type-noticias","status-publish","has-post-thumbnail","hentry"],"acf":[],"mb":[],"mfb_rest_fields":["title","gutenberg_elementor_mode"],"_links":{"self":[{"href":"https:\/\/portal.fgeo.gob.mx\/index.php\/wp-json\/wp\/v2\/noticias\/16656","targetHints":{"allow":["GET"]}}],"collection":[{"href":"https:\/\/portal.fgeo.gob.mx\/index.php\/wp-json\/wp\/v2\/noticias"}],"about":[{"href":"https:\/\/portal.fgeo.gob.mx\/index.php\/wp-json\/wp\/v2\/types\/noticias"}],"author":[{"embeddable":true,"href":"https:\/\/portal.fgeo.gob.mx\/index.php\/wp-json\/wp\/v2\/users\/2"}],"replies":[{"embeddable":true,"href":"https:\/\/portal.fgeo.gob.mx\/index.php\/wp-json\/wp\/v2\/comments?post=16656"}],"wp:featuredmedia":[{"embeddable":true,"href":"https:\/\/portal.fgeo.gob.mx\/index.php\/wp-json\/"}],"wp:attachment":[{"href":"https:\/\/portal.fgeo.gob.mx\/index.php\/wp-json\/wp\/v2\/media?parent=16656"}],"wp:term":[{"taxonomy":"post_tag","embeddable":true,"href":"https:\/\/portal.fgeo.gob.mx\/index.php\/wp-json\/wp\/v2\/tags?post=16656"},{"taxonomy":"categoria_noticias","embeddable":true,"href":"https:\/\/portal.fgeo.gob.mx\/index.php\/wp-json\/wp\/v2\/categoria_noticias?post=16656"}],"curies":[{"name":"wp","href":"https:\/\/api.w.org\/{rel}","templated":true}]}}