{"id":16654,"date":"2025-03-28T10:55:11","date_gmt":"2025-03-28T16:55:11","guid":{"rendered":"https:\/\/fge.oaxaca.gob.mx\/?post_type=noticias&amp;p=8645"},"modified":"2025-03-28T10:55:11","modified_gmt":"2025-03-28T16:55:11","slug":"boletin-1344-fiscalia-de-oaxaca-logra-prision-preventiva-por-robo-con-violencia-en-agravio-de-un-adolescente-cometido-en-san-antonio-de-la-cal","status":"publish","type":"noticias","link":"https:\/\/portal.fgeo.gob.mx\/index.php\/archivos\/noticias\/boletin-1344-fiscalia-de-oaxaca-logra-prision-preventiva-por-robo-con-violencia-en-agravio-de-un-adolescente-cometido-en-san-antonio-de-la-cal","title":{"rendered":"BOLET\u00cdN 1,344.- Fiscal\u00eda de Oaxaca logra prisi\u00f3n preventiva por robo con violencia en agravio de un adolescente, cometido en San Antonio de la Cal"},"content":{"rendered":"<p>&nbsp;<\/p>\n<p><strong>Oaxaca de Ju\u00e1rez, Oax., a 28 de marzo de 2025<\/strong>.- La Fiscal\u00eda General del Estado de Oaxaca (FGEO) obtuvo prisi\u00f3n preventiva justificada en contra de tres personas, entre ellas una mujer, identificadas como M.P.M., alias \u201cLa Choky\u201d, C.A.M.R., y J.I.G.S., por el delito de Robo Calificado con Violencia cometido en agravio de un adolescente (cuyos datos est\u00e1n reservados por ley), en hechos suscitados en la regi\u00f3n de los Valles Centrales.<\/p>\n<p>De acuerdo con la causa penal del caso, los hechos ocurrieron el 23 de marzo de 2025, cuando la v\u00edctima se encontraba sobre la parada de la colonia La Experimental jurisdicci\u00f3n del municipio de San Antonio de la Cal, a la altura de la carretera 175, donde fue interceptado por un grupo de personas que, aparentemente pertenecen a un grupo de pandilleros identificados como \u201cCholos\u201d, quienes lo despojaron de sus pertenencias.<\/p>\n<p>Ante estos hechos, M.P.M., alias \u201cLa Choky\u201d, C.A.M.R., y J.I.G.S., fueron detenidos por elementos de la polic\u00eda municipal de San Antonio de la Cal y llevados ante el ministerio p\u00fablico de la FGEO que, a trav\u00e9s de la Vicefiscal\u00eda de Valles Centrales, inici\u00f3 las investigaciones correspondientes, logrando recabar las pruebas necesarias para presentarlos ante la autoridad judicial.<\/p>\n<p>En audiencia, el Juez de Control, valor\u00f3 los datos aportados y calific\u00f3 como legal la detenci\u00f3n de M.P.M., alias \u201cLa Choky\u201d, C.A.M.R., y J.I.G.S., imponiendo la medida cautelar de prisi\u00f3n preventiva justificada provisional, adem\u00e1s que se solicit\u00f3 la vinculaci\u00f3n a proceso.<\/p>\n<p>La Fiscal\u00eda de Oaxaca focaliza los esfuerzos institucionales en los trabajos ministeriales especializados para tener resultados m\u00e1s efectivos en las labores de procuraci\u00f3n de justicia, especialmente en delitos que afectan el patrimonio e integridad de las v\u00edctimas.<\/p>\n<figure id=\"attachment_8646\" aria-describedby=\"caption-attachment-8646\" style=\"width: 300px\" class=\"wp-caption alignnone\"><img fetchpriority=\"high\" decoding=\"async\" class=\"size-medium wp-image-8646\" src=\"https:\/\/portal.fgeo.gob.mx\/wp-content\/uploads\/2025\/03\/Dise%C3%B1o-sin-t%C3%ADtulo-2-1-300x230.jpg\" alt=\"\" width=\"300\" height=\"230\" \/><figcaption id=\"caption-attachment-8646\" class=\"wp-caption-text\">Dise\u00f1o sin t\u00edtulo &#8211; 1<\/figcaption><\/figure>\n<figure id=\"attachment_8647\" aria-describedby=\"caption-attachment-8647\" style=\"width: 300px\" class=\"wp-caption alignnone\"><img decoding=\"async\" class=\"size-medium wp-image-8647\" src=\"https:\/\/portal.fgeo.gob.mx\/wp-content\/uploads\/2025\/03\/Dise%C3%B1o-sin-t%C3%ADtulo-1-11-300x190.jpg\" alt=\"\" width=\"300\" height=\"190\" \/><figcaption id=\"caption-attachment-8647\" class=\"wp-caption-text\">Dise\u00f1o sin t\u00edtulo &#8211; 1<\/figcaption><\/figure>\n<p><img decoding=\"async\" class=\"alignnone size-medium wp-image-8648\" src=\"https:\/\/portal.fgeo.gob.mx\/wp-content\/uploads\/2025\/03\/Dise%C3%B1o-sin-t%C3%ADtulo-28-251x300.jpg\" alt=\"\" width=\"251\" height=\"300\" \/><\/p>\n","protected":false},"author":2,"featured_media":8624,"comment_status":"closed","ping_status":"closed","template":"","tags":[],"categoria_noticias":[],"class_list":["post-16654","noticias","type-noticias","status-publish","has-post-thumbnail","hentry"],"acf":[],"mb":[],"mfb_rest_fields":["title","gutenberg_elementor_mode"],"_links":{"self":[{"href":"https:\/\/portal.fgeo.gob.mx\/index.php\/wp-json\/wp\/v2\/noticias\/16654","targetHints":{"allow":["GET"]}}],"collection":[{"href":"https:\/\/portal.fgeo.gob.mx\/index.php\/wp-json\/wp\/v2\/noticias"}],"about":[{"href":"https:\/\/portal.fgeo.gob.mx\/index.php\/wp-json\/wp\/v2\/types\/noticias"}],"author":[{"embeddable":true,"href":"https:\/\/portal.fgeo.gob.mx\/index.php\/wp-json\/wp\/v2\/users\/2"}],"replies":[{"embeddable":true,"href":"https:\/\/portal.fgeo.gob.mx\/index.php\/wp-json\/wp\/v2\/comments?post=16654"}],"wp:featuredmedia":[{"embeddable":true,"href":"https:\/\/portal.fgeo.gob.mx\/index.php\/wp-json\/"}],"wp:attachment":[{"href":"https:\/\/portal.fgeo.gob.mx\/index.php\/wp-json\/wp\/v2\/media?parent=16654"}],"wp:term":[{"taxonomy":"post_tag","embeddable":true,"href":"https:\/\/portal.fgeo.gob.mx\/index.php\/wp-json\/wp\/v2\/tags?post=16654"},{"taxonomy":"categoria_noticias","embeddable":true,"href":"https:\/\/portal.fgeo.gob.mx\/index.php\/wp-json\/wp\/v2\/categoria_noticias?post=16654"}],"curies":[{"name":"wp","href":"https:\/\/api.w.org\/{rel}","templated":true}]}}