{"id":16653,"date":"2025-03-27T15:02:15","date_gmt":"2025-03-27T21:02:15","guid":{"rendered":"https:\/\/fge.oaxaca.gob.mx\/?post_type=noticias&amp;p=8643"},"modified":"2025-03-27T15:02:15","modified_gmt":"2025-03-27T21:02:15","slug":"boletin-1343-fiscalia-de-oaxaca-ejecuta-orden-de-aprehension-contra-una-persona-por-homicidio-cometido-durante-robo-ocurrido-en-la-calle-de-zaragoza-en-el-centro-de-la-ciudad-de-oaxaca","status":"publish","type":"noticias","link":"https:\/\/portal.fgeo.gob.mx\/index.php\/archivos\/noticias\/boletin-1343-fiscalia-de-oaxaca-ejecuta-orden-de-aprehension-contra-una-persona-por-homicidio-cometido-durante-robo-ocurrido-en-la-calle-de-zaragoza-en-el-centro-de-la-ciudad-de-oaxaca","title":{"rendered":"BOLET\u00cdN 1,343.- Fiscal\u00eda de Oaxaca ejecuta orden de aprehensi\u00f3n contra una persona por homicidio cometido durante robo, ocurrido en la calle de Zaragoza, en el centro de la ciudad de Oaxaca"},"content":{"rendered":"<p style=\"font-weight: 400\"><strong>Oaxaca de Ju\u00e1rez, Oax., a 27 de marzo de 2025<\/strong>.- La Fiscal\u00eda General del Estado de Oaxaca (FGEO) dio cumplimiento a una orden de aprehensi\u00f3n en contra de R. P. P., alias \u201cEl Solo\u201d, por el delito de homicidio, cometido en calles del centro de la ciudad de Oaxaca de Ju\u00e1rez.<\/p>\n<p style=\"font-weight: 400\">\u00a0Los hechos imputados ocurrieron el pasado 24 de marzo de 2025, cuando la v\u00edctima, identificada por las iniciales J. G. C., caminaba por la calle Zaragoza, en el Centro Hist\u00f3rico de la capital de Oaxaca, cuando fue interceptado de manera sorpresiva.<\/p>\n<p style=\"font-weight: 400\">\u00a0Los agresores lo sometieron para tratar de cometer un robo, pero uno de ellos utiliz\u00f3 un arma punzo-cortante para agredir a la v\u00edctima, quien perdi\u00f3 la vida a causa de las lesiones infligidas.<\/p>\n<p style=\"font-weight: 400\">\u00a0Derivado de la coordinaci\u00f3n con la Polic\u00eda Municipal de Oaxaca, se logr\u00f3 el aseguramiento de una persona identificada como R. P. P., alias \u201cEl Solo\u201d, en contra de quien se ejecut\u00f3 una orden de aprehensi\u00f3n por el delito de Homicidio Calificado con Ventaja, por lo que fue presentado ante la autoridad correspondiente para resolver su situaci\u00f3n jur\u00eddica.<\/p>\n<p style=\"font-weight: 400\">\u00a0La Fiscal\u00eda de Oaxaca lleva a cabo acciones inmediatas ante la comisi\u00f3n de delitos de alto impacto para dar con el paradero de los responsables para que las v\u00edctimas tengan pleno acceso a la justicia.<\/p>\n<figure id=\"attachment_8644\" aria-describedby=\"caption-attachment-8644\" style=\"width: 300px\" class=\"wp-caption alignnone\"><img decoding=\"async\" class=\"size-medium wp-image-8644\" src=\"https:\/\/portal.fgeo.gob.mx\/wp-content\/uploads\/2025\/03\/Dise%C3%B1o-sin-t%C3%ADtulo-27-300x126.jpg\" alt=\"\" width=\"300\" height=\"126\" \/><figcaption id=\"caption-attachment-8644\" class=\"wp-caption-text\">Dise\u00f1o sin t\u00edtulo &#8211; 1<\/figcaption><\/figure>\n","protected":false},"author":2,"featured_media":8624,"comment_status":"closed","ping_status":"closed","template":"","tags":[],"categoria_noticias":[],"class_list":["post-16653","noticias","type-noticias","status-publish","has-post-thumbnail","hentry"],"acf":[],"mb":[],"mfb_rest_fields":["title","gutenberg_elementor_mode"],"_links":{"self":[{"href":"https:\/\/portal.fgeo.gob.mx\/index.php\/wp-json\/wp\/v2\/noticias\/16653","targetHints":{"allow":["GET"]}}],"collection":[{"href":"https:\/\/portal.fgeo.gob.mx\/index.php\/wp-json\/wp\/v2\/noticias"}],"about":[{"href":"https:\/\/portal.fgeo.gob.mx\/index.php\/wp-json\/wp\/v2\/types\/noticias"}],"author":[{"embeddable":true,"href":"https:\/\/portal.fgeo.gob.mx\/index.php\/wp-json\/wp\/v2\/users\/2"}],"replies":[{"embeddable":true,"href":"https:\/\/portal.fgeo.gob.mx\/index.php\/wp-json\/wp\/v2\/comments?post=16653"}],"wp:featuredmedia":[{"embeddable":true,"href":"https:\/\/portal.fgeo.gob.mx\/index.php\/wp-json\/"}],"wp:attachment":[{"href":"https:\/\/portal.fgeo.gob.mx\/index.php\/wp-json\/wp\/v2\/media?parent=16653"}],"wp:term":[{"taxonomy":"post_tag","embeddable":true,"href":"https:\/\/portal.fgeo.gob.mx\/index.php\/wp-json\/wp\/v2\/tags?post=16653"},{"taxonomy":"categoria_noticias","embeddable":true,"href":"https:\/\/portal.fgeo.gob.mx\/index.php\/wp-json\/wp\/v2\/categoria_noticias?post=16653"}],"curies":[{"name":"wp","href":"https:\/\/api.w.org\/{rel}","templated":true}]}}