{"id":16652,"date":"2025-03-27T10:36:04","date_gmt":"2025-03-27T16:36:04","guid":{"rendered":"https:\/\/fge.oaxaca.gob.mx\/?post_type=noticias&amp;p=8641"},"modified":"2025-03-27T10:36:04","modified_gmt":"2025-03-27T16:36:04","slug":"boletin-1342-obtiene-fiscalia-de-oaxaca-vinculacion-a-proceso-contra-imputado-por-homicidio-cometido-en-miahuatlan-de-porfirio-diaz","status":"publish","type":"noticias","link":"https:\/\/portal.fgeo.gob.mx\/index.php\/archivos\/noticias\/boletin-1342-obtiene-fiscalia-de-oaxaca-vinculacion-a-proceso-contra-imputado-por-homicidio-cometido-en-miahuatlan-de-porfirio-diaz","title":{"rendered":"BOLET\u00cdN 1,342.- Obtiene Fiscal\u00eda de Oaxaca vinculaci\u00f3n a proceso contra imputado por homicidio cometido en Miahuatl\u00e1n de Porfirio D\u00edaz"},"content":{"rendered":"<p style=\"font-weight: 400\"><strong>Oaxaca de Ju\u00e1rez, Oax., a 27 de marzo de 2025<\/strong>.- La Fiscal\u00eda General del Estado de Oaxaca (FGEO) obtuvo auto de vinculaci\u00f3n a proceso y prisi\u00f3n preventiva en contra de una persona del sexo masculino identificado como H.B.V., por el delito de homicidio calificado con ventaja, en agravio de N.V., ocurrido en la regi\u00f3n de la Sierra Sur.<\/p>\n<p style=\"font-weight: 400\">De acuerdo con el expediente penal del caso, los hechos ocurrieron el 15 de julio de 2023, cuando la v\u00edctima N.V., se encontraba en un terreno de siembra ubicado en el municipio de San Sim\u00f3n Almolongas, perteneciente al distrito de Miahuatl\u00e1n de Porfirio D\u00edaz, lugar donde lleg\u00f3 el imputado y, junto con otras personas, lo atac\u00f3 con disparos de arma de fuego, infligiendo lesiones que le ocasionaron la muerte cuando recib\u00eda atenci\u00f3n m\u00e9dica.<\/p>\n<p style=\"font-weight: 400\">Ante estos hechos, la Fiscal\u00eda General del Estado de Oaxaca a trav\u00e9s de la Vicefiscal\u00eda Regional de Valles Centrales, realiz\u00f3 las indagatorias correspondientes que permitieron obtener una orden de aprehensi\u00f3n y posteriormente, la detenci\u00f3n de H.B.V., quien fue llevado ante el Ministerio P\u00fablico para su proceso legal correspondiente.<\/p>\n<p style=\"font-weight: 400\">Tras las audiencias, el Juez de la causa evalu\u00f3 las pruebas aportadas por la FGEO y, una vez valoradas, dict\u00f3 auto de vinculaci\u00f3n a proceso en contra de H.B.V., e impuso la medida cautelar de prisi\u00f3n preventiva, otorg\u00e1ndole un plazo de tres meses para el cierre de la investigaci\u00f3n complementaria.<\/p>\n<p style=\"font-weight: 400\">Es importante mencionar que, por este caso, hay una persona m\u00e1s vinculada a proceso; se trata de S.V.M., medio hermano de la v\u00edctima.<\/p>\n<p style=\"font-weight: 400\">La Fiscal\u00eda General garantiza investigaciones exhaustivas para esclarecer delitos, aplicando las herramientas legales para castigar a quien o quienes resulten responsables.<\/p>\n<figure id=\"attachment_8642\" aria-describedby=\"caption-attachment-8642\" style=\"width: 300px\" class=\"wp-caption alignnone\"><img fetchpriority=\"high\" decoding=\"async\" class=\"size-medium wp-image-8642\" src=\"https:\/\/portal.fgeo.gob.mx\/wp-content\/uploads\/2025\/03\/Dise%C3%B1o-sin-t%C3%ADtulo-1-10-300x237.jpg\" alt=\"\" width=\"300\" height=\"237\" \/><figcaption id=\"caption-attachment-8642\" class=\"wp-caption-text\">Dise\u00f1o sin t\u00edtulo &#8211; 1<\/figcaption><\/figure>\n","protected":false},"author":2,"featured_media":8624,"comment_status":"closed","ping_status":"closed","template":"","tags":[],"categoria_noticias":[],"class_list":["post-16652","noticias","type-noticias","status-publish","has-post-thumbnail","hentry"],"acf":[],"mb":[],"mfb_rest_fields":["title","gutenberg_elementor_mode"],"_links":{"self":[{"href":"https:\/\/portal.fgeo.gob.mx\/index.php\/wp-json\/wp\/v2\/noticias\/16652","targetHints":{"allow":["GET"]}}],"collection":[{"href":"https:\/\/portal.fgeo.gob.mx\/index.php\/wp-json\/wp\/v2\/noticias"}],"about":[{"href":"https:\/\/portal.fgeo.gob.mx\/index.php\/wp-json\/wp\/v2\/types\/noticias"}],"author":[{"embeddable":true,"href":"https:\/\/portal.fgeo.gob.mx\/index.php\/wp-json\/wp\/v2\/users\/2"}],"replies":[{"embeddable":true,"href":"https:\/\/portal.fgeo.gob.mx\/index.php\/wp-json\/wp\/v2\/comments?post=16652"}],"wp:featuredmedia":[{"embeddable":true,"href":"https:\/\/portal.fgeo.gob.mx\/index.php\/wp-json\/"}],"wp:attachment":[{"href":"https:\/\/portal.fgeo.gob.mx\/index.php\/wp-json\/wp\/v2\/media?parent=16652"}],"wp:term":[{"taxonomy":"post_tag","embeddable":true,"href":"https:\/\/portal.fgeo.gob.mx\/index.php\/wp-json\/wp\/v2\/tags?post=16652"},{"taxonomy":"categoria_noticias","embeddable":true,"href":"https:\/\/portal.fgeo.gob.mx\/index.php\/wp-json\/wp\/v2\/categoria_noticias?post=16652"}],"curies":[{"name":"wp","href":"https:\/\/api.w.org\/{rel}","templated":true}]}}